{"id":1983,"date":"2023-11-09T16:16:22","date_gmt":"2023-11-09T15:16:22","guid":{"rendered":"https:\/\/www.eurolegnosrl.it\/konzertklavierbank-plus-2\/"},"modified":"2024-01-08T10:16:37","modified_gmt":"2024-01-08T09:16:37","slug":"konzertklavierbank-plus-2","status":"publish","type":"post","link":"https:\/\/www.eurolegnosrl.it\/de\/konzertklavierbank-plus-2\/","title":{"rendered":"Konzertklavierbank Plus 2"},"content":{"rendered":"<p>Die <strong>Concerto Plus 2 Klavierbank<\/strong> repr\u00e4sentiert h\u00f6chste Eleganz und Komfort f\u00fcr anspruchsvolle Pianisten. Ausgestattet mit luxuri\u00f6s gepolsterten <strong>Knopfheftungskissen<\/strong> bietet diese Bank ein hervorragendes Sitzerlebnis, das es K\u00fcnstlern erm\u00f6glicht, sich voll und ganz auf ihre Kunst zu konzentrieren.<\/p>\n<p>Aus ausgew\u00e4hltem <strong>Buchenholz gefertigt<\/strong>, steht die Concerto Plus 2 Klavierbank f\u00fcr Robustheit und Langlebigkeit. Ihre <strong>verstellbare<\/strong> Funktionalit\u00e4t erm\u00f6glicht eine perfekte Anpassung der H\u00f6he, um eine optimale Haltung und Unterst\u00fctzung w\u00e4hrend der intensivsten Auff\u00fchrungen zu gew\u00e4hrleisten.<\/p>\n<p>In einer Palette von eleganten Farben erh\u00e4ltlich &#8211; <strong>Schwarz, Nussbaum, Mahagoni und Palisander<\/strong> &#8211; f\u00fcgt sie sich nahtlos in jedes Klavier und jede Einrichtung ein und steigert die \u00c4sthetik jeder B\u00fchne oder \u00dcbungshalle.<\/p>\n<p>Die Wahl der <strong>Concerto Plus 2 Klavierbank<\/strong> bedeutet, sich f\u00fcr ein Zubeh\u00f6r zu entscheiden, das Funktionalit\u00e4t betont, ohne dabei den Stil zu beeintr\u00e4chtigen. Sie ist f\u00fcr K\u00fcnstler konzipiert, die <strong>Komfort und Raffinesse w\u00fcnschen<\/strong>.<\/p>\n","protected":false},"excerpt":{"rendered":"<p>Die Concerto Plus 2 Klavierbank repr\u00e4sentiert h\u00f6chste Eleganz und Komfort f\u00fcr anspruchsvolle Pianisten. Ausgestattet mit luxuri\u00f6s gepolsterten Knopfheftungskissen bietet diese Bank ein hervorragendes Sitzerlebnis, das es K\u00fcnstlern erm\u00f6glicht, sich voll und ganz auf ihre Kunst zu konzentrieren. Aus ausgew\u00e4hltem Buchenholz gefertigt, steht die Concerto Plus 2 Klavierbank f\u00fcr Robustheit und Langlebigkeit. Ihre verstellbare Funktionalit\u00e4t erm\u00f6glicht [&hellip;]<\/p>\n","protected":false},"author":1,"featured_media":1735,"comment_status":"open","ping_status":"open","sticky":false,"template":"","format":"standard","meta":{"_acf_changed":false,"footnotes":""},"categories":[22],"tags":[],"class_list":["post-1983","post","type-post","status-publish","format-standard","has-post-thumbnail","hentry","category-katalog"],"acf":[],"yoast_head":"<!-- This site is optimized with the Yoast SEO plugin v27.1.1 - https:\/\/yoast.com\/product\/yoast-seo-wordpress\/ -->\n<title>Concerto Plus 2 Bank - Eurolegno srl<\/title>\n<meta name=\"description\" content=\"Die Concerto Plus 2 Bank stellt das Maximum an Eleganz und Komfort f\u00fcr die anspruchsvollsten Pianisten dar. Ausgestattet mit einem Kissen.\" \/>\n<meta name=\"robots\" content=\"index, follow, max-snippet:-1, max-image-preview:large, max-video-preview:-1\" \/>\n<link rel=\"canonical\" href=\"https:\/\/www.eurolegnosrl.it\/de\/konzertklavierbank-plus-2\/\" \/>\n<meta property=\"og:locale\" content=\"de_DE\" \/>\n<meta property=\"og:type\" content=\"article\" \/>\n<meta property=\"og:title\" content=\"Concerto Plus 2 Bank - Eurolegno srl\" \/>\n<meta property=\"og:description\" content=\"Die Concerto Plus 2 Bank stellt das Maximum an Eleganz und Komfort f\u00fcr die anspruchsvollsten Pianisten dar. Ausgestattet mit einem Kissen.\" \/>\n<meta property=\"og:url\" content=\"https:\/\/www.eurolegnosrl.it\/de\/konzertklavierbank-plus-2\/\" \/>\n<meta property=\"og:site_name\" content=\"Eurolegno Srl - Panche e sgabelli per pianoforte dal 1976\" \/>\n<meta property=\"article:published_time\" content=\"2023-11-09T15:16:22+00:00\" \/>\n<meta property=\"article:modified_time\" content=\"2024-01-08T09:16:37+00:00\" \/>\n<meta property=\"og:image\" content=\"https:\/\/www.eurolegnosrl.it\/wp-content\/uploads\/2023\/10\/panca_concerto_plus_2.jpg\" \/>\n\t<meta property=\"og:image:width\" content=\"668\" \/>\n\t<meta property=\"og:image:height\" content=\"510\" \/>\n\t<meta property=\"og:image:type\" content=\"image\/jpeg\" \/>\n<meta name=\"author\" content=\"alessandro\" \/>\n<meta name=\"twitter:card\" content=\"summary_large_image\" \/>\n<meta name=\"twitter:label1\" content=\"Verfasst von\" \/>\n\t<meta name=\"twitter:data1\" content=\"alessandro\" \/>\n\t<meta name=\"twitter:label2\" content=\"Gesch\u00e4tzte Lesezeit\" \/>\n\t<meta name=\"twitter:data2\" content=\"1\u00a0Minute\" \/>\n<script type=\"application\/ld+json\" class=\"yoast-schema-graph\">{\"@context\":\"https:\/\/schema.org\",\"@graph\":[{\"@type\":\"Article\",\"@id\":\"https:\/\/www.eurolegnosrl.it\/de\/konzertklavierbank-plus-2\/#article\",\"isPartOf\":{\"@id\":\"https:\/\/www.eurolegnosrl.it\/de\/konzertklavierbank-plus-2\/\"},\"author\":{\"name\":\"alessandro\",\"@id\":\"https:\/\/www.eurolegnosrl.it\/en\/#\/schema\/person\/43c89fc55833fe8974b8295c3d00d9c4\"},\"headline\":\"Konzertklavierbank Plus 2\",\"datePublished\":\"2023-11-09T15:16:22+00:00\",\"dateModified\":\"2024-01-08T09:16:37+00:00\",\"mainEntityOfPage\":{\"@id\":\"https:\/\/www.eurolegnosrl.it\/de\/konzertklavierbank-plus-2\/\"},\"wordCount\":162,\"commentCount\":0,\"publisher\":{\"@id\":\"https:\/\/www.eurolegnosrl.it\/en\/#organization\"},\"image\":{\"@id\":\"https:\/\/www.eurolegnosrl.it\/de\/konzertklavierbank-plus-2\/#primaryimage\"},\"thumbnailUrl\":\"https:\/\/www.eurolegnosrl.it\/wp-content\/uploads\/2023\/10\/panca_concerto_plus_2.jpg\",\"articleSection\":[\"Katalog\"],\"inLanguage\":\"de\",\"potentialAction\":[{\"@type\":\"CommentAction\",\"name\":\"Comment\",\"target\":[\"https:\/\/www.eurolegnosrl.it\/de\/konzertklavierbank-plus-2\/#respond\"]}]},{\"@type\":\"WebPage\",\"@id\":\"https:\/\/www.eurolegnosrl.it\/de\/konzertklavierbank-plus-2\/\",\"url\":\"https:\/\/www.eurolegnosrl.it\/de\/konzertklavierbank-plus-2\/\",\"name\":\"Concerto Plus 2 Bank - Eurolegno srl\",\"isPartOf\":{\"@id\":\"https:\/\/www.eurolegnosrl.it\/en\/#website\"},\"primaryImageOfPage\":{\"@id\":\"https:\/\/www.eurolegnosrl.it\/de\/konzertklavierbank-plus-2\/#primaryimage\"},\"image\":{\"@id\":\"https:\/\/www.eurolegnosrl.it\/de\/konzertklavierbank-plus-2\/#primaryimage\"},\"thumbnailUrl\":\"https:\/\/www.eurolegnosrl.it\/wp-content\/uploads\/2023\/10\/panca_concerto_plus_2.jpg\",\"datePublished\":\"2023-11-09T15:16:22+00:00\",\"dateModified\":\"2024-01-08T09:16:37+00:00\",\"description\":\"Die Concerto Plus 2 Bank stellt das Maximum an Eleganz und Komfort f\u00fcr die anspruchsvollsten Pianisten dar. Ausgestattet mit einem Kissen.\",\"breadcrumb\":{\"@id\":\"https:\/\/www.eurolegnosrl.it\/de\/konzertklavierbank-plus-2\/#breadcrumb\"},\"inLanguage\":\"de\",\"potentialAction\":[{\"@type\":\"ReadAction\",\"target\":[\"https:\/\/www.eurolegnosrl.it\/de\/konzertklavierbank-plus-2\/\"]}]},{\"@type\":\"ImageObject\",\"inLanguage\":\"de\",\"@id\":\"https:\/\/www.eurolegnosrl.it\/de\/konzertklavierbank-plus-2\/#primaryimage\",\"url\":\"https:\/\/www.eurolegnosrl.it\/wp-content\/uploads\/2023\/10\/panca_concerto_plus_2.jpg\",\"contentUrl\":\"https:\/\/www.eurolegnosrl.it\/wp-content\/uploads\/2023\/10\/panca_concerto_plus_2.jpg\",\"width\":668,\"height\":510},{\"@type\":\"BreadcrumbList\",\"@id\":\"https:\/\/www.eurolegnosrl.it\/de\/konzertklavierbank-plus-2\/#breadcrumb\",\"itemListElement\":[{\"@type\":\"ListItem\",\"position\":1,\"name\":\"Home\",\"item\":\"https:\/\/www.eurolegnosrl.it\/de\/\"},{\"@type\":\"ListItem\",\"position\":2,\"name\":\"Konzertklavierbank Plus 2\"}]},{\"@type\":\"WebSite\",\"@id\":\"https:\/\/www.eurolegnosrl.it\/en\/#website\",\"url\":\"https:\/\/www.eurolegnosrl.it\/en\/\",\"name\":\"Eurolegno Srl - Panche e sgabelli per pianoforte dal 1976\",\"description\":\"\",\"publisher\":{\"@id\":\"https:\/\/www.eurolegnosrl.it\/en\/#organization\"},\"potentialAction\":[{\"@type\":\"SearchAction\",\"target\":{\"@type\":\"EntryPoint\",\"urlTemplate\":\"https:\/\/www.eurolegnosrl.it\/en\/?s={search_term_string}\"},\"query-input\":{\"@type\":\"PropertyValueSpecification\",\"valueRequired\":true,\"valueName\":\"search_term_string\"}}],\"inLanguage\":\"de\"},{\"@type\":\"Organization\",\"@id\":\"https:\/\/www.eurolegnosrl.it\/en\/#organization\",\"name\":\"Eurolegno Srl - Panche e sgabelli per pianoforte dal 1976\",\"url\":\"https:\/\/www.eurolegnosrl.it\/en\/\",\"logo\":{\"@type\":\"ImageObject\",\"inLanguage\":\"de\",\"@id\":\"https:\/\/www.eurolegnosrl.it\/en\/#\/schema\/logo\/image\/\",\"url\":\"https:\/\/www.eurolegnosrl.it\/wp-content\/uploads\/2023\/09\/logo.png\",\"contentUrl\":\"https:\/\/www.eurolegnosrl.it\/wp-content\/uploads\/2023\/09\/logo.png\",\"width\":266,\"height\":59,\"caption\":\"Eurolegno Srl - Panche e sgabelli per pianoforte dal 1976\"},\"image\":{\"@id\":\"https:\/\/www.eurolegnosrl.it\/en\/#\/schema\/logo\/image\/\"}},{\"@type\":\"Person\",\"@id\":\"https:\/\/www.eurolegnosrl.it\/en\/#\/schema\/person\/43c89fc55833fe8974b8295c3d00d9c4\",\"name\":\"alessandro\",\"image\":{\"@type\":\"ImageObject\",\"inLanguage\":\"de\",\"@id\":\"https:\/\/www.eurolegnosrl.it\/en\/#\/schema\/person\/image\/\",\"url\":\"https:\/\/secure.gravatar.com\/avatar\/5a72ad19b0c339f307c13ce8755cefb00484bad6b7f58b2669dfe80c22643fb9?s=96&d=mm&r=g\",\"contentUrl\":\"https:\/\/secure.gravatar.com\/avatar\/5a72ad19b0c339f307c13ce8755cefb00484bad6b7f58b2669dfe80c22643fb9?s=96&d=mm&r=g\",\"caption\":\"alessandro\"}}]}<\/script>\n<!-- \/ Yoast SEO plugin. -->","yoast_head_json":{"title":"Concerto Plus 2 Bank - Eurolegno srl","description":"Die Concerto Plus 2 Bank stellt das Maximum an Eleganz und Komfort f\u00fcr die anspruchsvollsten Pianisten dar. Ausgestattet mit einem Kissen.","robots":{"index":"index","follow":"follow","max-snippet":"max-snippet:-1","max-image-preview":"max-image-preview:large","max-video-preview":"max-video-preview:-1"},"canonical":"https:\/\/www.eurolegnosrl.it\/de\/konzertklavierbank-plus-2\/","og_locale":"de_DE","og_type":"article","og_title":"Concerto Plus 2 Bank - Eurolegno srl","og_description":"Die Concerto Plus 2 Bank stellt das Maximum an Eleganz und Komfort f\u00fcr die anspruchsvollsten Pianisten dar. Ausgestattet mit einem Kissen.","og_url":"https:\/\/www.eurolegnosrl.it\/de\/konzertklavierbank-plus-2\/","og_site_name":"Eurolegno Srl - Panche e sgabelli per pianoforte dal 1976","article_published_time":"2023-11-09T15:16:22+00:00","article_modified_time":"2024-01-08T09:16:37+00:00","og_image":[{"width":668,"height":510,"url":"https:\/\/www.eurolegnosrl.it\/wp-content\/uploads\/2023\/10\/panca_concerto_plus_2.jpg","type":"image\/jpeg"}],"author":"alessandro","twitter_card":"summary_large_image","twitter_misc":{"Verfasst von":"alessandro","Gesch\u00e4tzte Lesezeit":"1\u00a0Minute"},"schema":{"@context":"https:\/\/schema.org","@graph":[{"@type":"Article","@id":"https:\/\/www.eurolegnosrl.it\/de\/konzertklavierbank-plus-2\/#article","isPartOf":{"@id":"https:\/\/www.eurolegnosrl.it\/de\/konzertklavierbank-plus-2\/"},"author":{"name":"alessandro","@id":"https:\/\/www.eurolegnosrl.it\/en\/#\/schema\/person\/43c89fc55833fe8974b8295c3d00d9c4"},"headline":"Konzertklavierbank Plus 2","datePublished":"2023-11-09T15:16:22+00:00","dateModified":"2024-01-08T09:16:37+00:00","mainEntityOfPage":{"@id":"https:\/\/www.eurolegnosrl.it\/de\/konzertklavierbank-plus-2\/"},"wordCount":162,"commentCount":0,"publisher":{"@id":"https:\/\/www.eurolegnosrl.it\/en\/#organization"},"image":{"@id":"https:\/\/www.eurolegnosrl.it\/de\/konzertklavierbank-plus-2\/#primaryimage"},"thumbnailUrl":"https:\/\/www.eurolegnosrl.it\/wp-content\/uploads\/2023\/10\/panca_concerto_plus_2.jpg","articleSection":["Katalog"],"inLanguage":"de","potentialAction":[{"@type":"CommentAction","name":"Comment","target":["https:\/\/www.eurolegnosrl.it\/de\/konzertklavierbank-plus-2\/#respond"]}]},{"@type":"WebPage","@id":"https:\/\/www.eurolegnosrl.it\/de\/konzertklavierbank-plus-2\/","url":"https:\/\/www.eurolegnosrl.it\/de\/konzertklavierbank-plus-2\/","name":"Concerto Plus 2 Bank - Eurolegno srl","isPartOf":{"@id":"https:\/\/www.eurolegnosrl.it\/en\/#website"},"primaryImageOfPage":{"@id":"https:\/\/www.eurolegnosrl.it\/de\/konzertklavierbank-plus-2\/#primaryimage"},"image":{"@id":"https:\/\/www.eurolegnosrl.it\/de\/konzertklavierbank-plus-2\/#primaryimage"},"thumbnailUrl":"https:\/\/www.eurolegnosrl.it\/wp-content\/uploads\/2023\/10\/panca_concerto_plus_2.jpg","datePublished":"2023-11-09T15:16:22+00:00","dateModified":"2024-01-08T09:16:37+00:00","description":"Die Concerto Plus 2 Bank stellt das Maximum an Eleganz und Komfort f\u00fcr die anspruchsvollsten Pianisten dar. Ausgestattet mit einem Kissen.","breadcrumb":{"@id":"https:\/\/www.eurolegnosrl.it\/de\/konzertklavierbank-plus-2\/#breadcrumb"},"inLanguage":"de","potentialAction":[{"@type":"ReadAction","target":["https:\/\/www.eurolegnosrl.it\/de\/konzertklavierbank-plus-2\/"]}]},{"@type":"ImageObject","inLanguage":"de","@id":"https:\/\/www.eurolegnosrl.it\/de\/konzertklavierbank-plus-2\/#primaryimage","url":"https:\/\/www.eurolegnosrl.it\/wp-content\/uploads\/2023\/10\/panca_concerto_plus_2.jpg","contentUrl":"https:\/\/www.eurolegnosrl.it\/wp-content\/uploads\/2023\/10\/panca_concerto_plus_2.jpg","width":668,"height":510},{"@type":"BreadcrumbList","@id":"https:\/\/www.eurolegnosrl.it\/de\/konzertklavierbank-plus-2\/#breadcrumb","itemListElement":[{"@type":"ListItem","position":1,"name":"Home","item":"https:\/\/www.eurolegnosrl.it\/de\/"},{"@type":"ListItem","position":2,"name":"Konzertklavierbank Plus 2"}]},{"@type":"WebSite","@id":"https:\/\/www.eurolegnosrl.it\/en\/#website","url":"https:\/\/www.eurolegnosrl.it\/en\/","name":"Eurolegno Srl - Panche e sgabelli per pianoforte dal 1976","description":"","publisher":{"@id":"https:\/\/www.eurolegnosrl.it\/en\/#organization"},"potentialAction":[{"@type":"SearchAction","target":{"@type":"EntryPoint","urlTemplate":"https:\/\/www.eurolegnosrl.it\/en\/?s={search_term_string}"},"query-input":{"@type":"PropertyValueSpecification","valueRequired":true,"valueName":"search_term_string"}}],"inLanguage":"de"},{"@type":"Organization","@id":"https:\/\/www.eurolegnosrl.it\/en\/#organization","name":"Eurolegno Srl - Panche e sgabelli per pianoforte dal 1976","url":"https:\/\/www.eurolegnosrl.it\/en\/","logo":{"@type":"ImageObject","inLanguage":"de","@id":"https:\/\/www.eurolegnosrl.it\/en\/#\/schema\/logo\/image\/","url":"https:\/\/www.eurolegnosrl.it\/wp-content\/uploads\/2023\/09\/logo.png","contentUrl":"https:\/\/www.eurolegnosrl.it\/wp-content\/uploads\/2023\/09\/logo.png","width":266,"height":59,"caption":"Eurolegno Srl - Panche e sgabelli per pianoforte dal 1976"},"image":{"@id":"https:\/\/www.eurolegnosrl.it\/en\/#\/schema\/logo\/image\/"}},{"@type":"Person","@id":"https:\/\/www.eurolegnosrl.it\/en\/#\/schema\/person\/43c89fc55833fe8974b8295c3d00d9c4","name":"alessandro","image":{"@type":"ImageObject","inLanguage":"de","@id":"https:\/\/www.eurolegnosrl.it\/en\/#\/schema\/person\/image\/","url":"https:\/\/secure.gravatar.com\/avatar\/5a72ad19b0c339f307c13ce8755cefb00484bad6b7f58b2669dfe80c22643fb9?s=96&d=mm&r=g","contentUrl":"https:\/\/secure.gravatar.com\/avatar\/5a72ad19b0c339f307c13ce8755cefb00484bad6b7f58b2669dfe80c22643fb9?s=96&d=mm&r=g","caption":"alessandro"}}]}},"_links":{"self":[{"href":"https:\/\/www.eurolegnosrl.it\/de\/wp-json\/wp\/v2\/posts\/1983","targetHints":{"allow":["GET"]}}],"collection":[{"href":"https:\/\/www.eurolegnosrl.it\/de\/wp-json\/wp\/v2\/posts"}],"about":[{"href":"https:\/\/www.eurolegnosrl.it\/de\/wp-json\/wp\/v2\/types\/post"}],"author":[{"embeddable":true,"href":"https:\/\/www.eurolegnosrl.it\/de\/wp-json\/wp\/v2\/users\/1"}],"replies":[{"embeddable":true,"href":"https:\/\/www.eurolegnosrl.it\/de\/wp-json\/wp\/v2\/comments?post=1983"}],"version-history":[{"count":1,"href":"https:\/\/www.eurolegnosrl.it\/de\/wp-json\/wp\/v2\/posts\/1983\/revisions"}],"predecessor-version":[{"id":2069,"href":"https:\/\/www.eurolegnosrl.it\/de\/wp-json\/wp\/v2\/posts\/1983\/revisions\/2069"}],"wp:featuredmedia":[{"embeddable":true,"href":"https:\/\/www.eurolegnosrl.it\/de\/wp-json\/wp\/v2\/media\/1735"}],"wp:attachment":[{"href":"https:\/\/www.eurolegnosrl.it\/de\/wp-json\/wp\/v2\/media?parent=1983"}],"wp:term":[{"taxonomy":"category","embeddable":true,"href":"https:\/\/www.eurolegnosrl.it\/de\/wp-json\/wp\/v2\/categories?post=1983"},{"taxonomy":"post_tag","embeddable":true,"href":"https:\/\/www.eurolegnosrl.it\/de\/wp-json\/wp\/v2\/tags?post=1983"}],"curies":[{"name":"wp","href":"https:\/\/api.w.org\/{rel}","templated":true}]}}