{"id":1984,"date":"2023-11-09T16:12:58","date_gmt":"2023-11-09T15:12:58","guid":{"rendered":"https:\/\/www.eurolegnosrl.it\/konzertklavierbank-plus\/"},"modified":"2024-01-08T10:20:35","modified_gmt":"2024-01-08T09:20:35","slug":"konzertklavierbank-plus","status":"publish","type":"post","link":"https:\/\/www.eurolegnosrl.it\/de\/konzertklavierbank-plus\/","title":{"rendered":"Konzertklavierbank Plus"},"content":{"rendered":"<p>Die Wahl der <strong>Concerto Plus 2 Klavierbank<\/strong> bedeutet, sich f\u00fcr ein Zubeh\u00f6r zu entscheiden, das Funktionalit\u00e4t betont, ohne dabei den Stil zu beeintr\u00e4chtigen. Sie ist f\u00fcr K\u00fcnstler konzipiert, die Komfort und Raffinesse w\u00fcnschen. Dieses Konzertklavierbank zeichnet sich durch ein <strong>gestepptes Kissen<\/strong> aus, das nicht nur einen Hauch von Eleganz hinzuf\u00fcgt, sondern auch unschlagbaren Komfort w\u00e4hrend der langen \u00dcbungs- oder Konzertstunden bietet.<\/p>\n<p>Hergestellt aus bestem <strong>Buchenholz<\/strong>, verspricht die Concerto Plus Klavierbank Langlebigkeit und Stabilit\u00e4t. .Ihre Anpassbarkeit erm\u00f6glicht Pianisten, die <strong>perfekte Position<\/strong> zu finden, f\u00f6rdert eine korrekte Haltung und reduziert die Spannung w\u00e4hrend des Spielens.<\/p>\n<p>Erh\u00e4ltlich in einer Auswahl klassischer Farben &#8211; <strong>Schwarz, Nussbaum, Mahagoni und Palisander<\/strong> &#8211; passt sich diese Bank m\u00fchelos in jede Umgebung und zu jedem Klavierstil an, was sie zu einer begehrten Erg\u00e4nzung f\u00fcr Konzerts\u00e4le und private Studios macht.<\/p>\n<p>Die Wahl der <strong>Concerto Plus Klavierbank<\/strong> bedeutet, sich f\u00fcr ein M\u00f6belst\u00fcck zu entscheiden, das <strong>visuelle Eleganz und praktische Funktionalit\u00e4t<\/strong> vereint und darauf ausgelegt ist, das Musikerlebnis eines jeden K\u00fcnstlers zu bereichern.<\/p>\n","protected":false},"excerpt":{"rendered":"<p>Die Wahl der Concerto Plus 2 Klavierbank bedeutet, sich f\u00fcr ein Zubeh\u00f6r zu entscheiden, das Funktionalit\u00e4t betont, ohne dabei den Stil zu beeintr\u00e4chtigen. Sie ist f\u00fcr K\u00fcnstler konzipiert, die Komfort und Raffinesse w\u00fcnschen. Dieses Konzertklavierbank zeichnet sich durch ein gestepptes Kissen aus, das nicht nur einen Hauch von Eleganz hinzuf\u00fcgt, sondern auch unschlagbaren Komfort w\u00e4hrend [&hellip;]<\/p>\n","protected":false},"author":1,"featured_media":1733,"comment_status":"open","ping_status":"open","sticky":false,"template":"","format":"standard","meta":{"_acf_changed":false,"footnotes":""},"categories":[22],"tags":[],"class_list":["post-1984","post","type-post","status-publish","format-standard","has-post-thumbnail","hentry","category-katalog"],"acf":[],"yoast_head":"<!-- This site is optimized with the Yoast SEO plugin v27.1.1 - https:\/\/yoast.com\/product\/yoast-seo-wordpress\/ -->\n<title>Plus Konzertbank - Eurolegno srl<\/title>\n<meta name=\"description\" content=\"Die Wahl der Concerto Plus 2 Klavierbank bedeutet, sich f\u00fcr ein Zubeh\u00f6r zu entscheiden, das Funktionalit\u00e4t betont, ohne dabei den Stil zu beeintr\u00e4chtigen. Sie ist f\u00fcr K\u00fcnstler konzipiert, die Komfort und Raffinesse w\u00fcnschen. Diese Konzertklavierbank\" \/>\n<meta name=\"robots\" content=\"index, follow, max-snippet:-1, max-image-preview:large, max-video-preview:-1\" \/>\n<link rel=\"canonical\" href=\"https:\/\/www.eurolegnosrl.it\/de\/konzertklavierbank-plus\/\" \/>\n<meta property=\"og:locale\" content=\"de_DE\" \/>\n<meta property=\"og:type\" content=\"article\" \/>\n<meta property=\"og:title\" content=\"Plus Konzertbank - Eurolegno srl\" \/>\n<meta property=\"og:description\" content=\"Die Wahl der Concerto Plus 2 Klavierbank bedeutet, sich f\u00fcr ein Zubeh\u00f6r zu entscheiden, das Funktionalit\u00e4t betont, ohne dabei den Stil zu beeintr\u00e4chtigen. Sie ist f\u00fcr K\u00fcnstler konzipiert, die Komfort und Raffinesse w\u00fcnschen. Diese Konzertklavierbank\" \/>\n<meta property=\"og:url\" content=\"https:\/\/www.eurolegnosrl.it\/de\/konzertklavierbank-plus\/\" \/>\n<meta property=\"og:site_name\" content=\"Eurolegno Srl - Panche e sgabelli per pianoforte dal 1976\" \/>\n<meta property=\"article:published_time\" content=\"2023-11-09T15:12:58+00:00\" \/>\n<meta property=\"article:modified_time\" content=\"2024-01-08T09:20:35+00:00\" \/>\n<meta property=\"og:image\" content=\"https:\/\/www.eurolegnosrl.it\/wp-content\/uploads\/2023\/10\/panca_concerto_plus.jpg\" \/>\n\t<meta property=\"og:image:width\" content=\"632\" \/>\n\t<meta property=\"og:image:height\" content=\"481\" \/>\n\t<meta property=\"og:image:type\" content=\"image\/jpeg\" \/>\n<meta name=\"author\" content=\"alessandro\" \/>\n<meta name=\"twitter:card\" content=\"summary_large_image\" \/>\n<meta name=\"twitter:label1\" content=\"Verfasst von\" \/>\n\t<meta name=\"twitter:data1\" content=\"alessandro\" \/>\n\t<meta name=\"twitter:label2\" content=\"Gesch\u00e4tzte Lesezeit\" \/>\n\t<meta name=\"twitter:data2\" content=\"1\u00a0Minute\" \/>\n<script type=\"application\/ld+json\" class=\"yoast-schema-graph\">{\"@context\":\"https:\/\/schema.org\",\"@graph\":[{\"@type\":\"Article\",\"@id\":\"https:\/\/www.eurolegnosrl.it\/de\/konzertklavierbank-plus\/#article\",\"isPartOf\":{\"@id\":\"https:\/\/www.eurolegnosrl.it\/de\/konzertklavierbank-plus\/\"},\"author\":{\"name\":\"alessandro\",\"@id\":\"https:\/\/www.eurolegnosrl.it\/en\/#\/schema\/person\/43c89fc55833fe8974b8295c3d00d9c4\"},\"headline\":\"Konzertklavierbank Plus\",\"datePublished\":\"2023-11-09T15:12:58+00:00\",\"dateModified\":\"2024-01-08T09:20:35+00:00\",\"mainEntityOfPage\":{\"@id\":\"https:\/\/www.eurolegnosrl.it\/de\/konzertklavierbank-plus\/\"},\"wordCount\":186,\"commentCount\":0,\"publisher\":{\"@id\":\"https:\/\/www.eurolegnosrl.it\/en\/#organization\"},\"image\":{\"@id\":\"https:\/\/www.eurolegnosrl.it\/de\/konzertklavierbank-plus\/#primaryimage\"},\"thumbnailUrl\":\"https:\/\/www.eurolegnosrl.it\/wp-content\/uploads\/2023\/10\/panca_concerto_plus.jpg\",\"articleSection\":[\"Katalog\"],\"inLanguage\":\"de\",\"potentialAction\":[{\"@type\":\"CommentAction\",\"name\":\"Comment\",\"target\":[\"https:\/\/www.eurolegnosrl.it\/de\/konzertklavierbank-plus\/#respond\"]}]},{\"@type\":\"WebPage\",\"@id\":\"https:\/\/www.eurolegnosrl.it\/de\/konzertklavierbank-plus\/\",\"url\":\"https:\/\/www.eurolegnosrl.it\/de\/konzertklavierbank-plus\/\",\"name\":\"Plus Konzertbank - Eurolegno srl\",\"isPartOf\":{\"@id\":\"https:\/\/www.eurolegnosrl.it\/en\/#website\"},\"primaryImageOfPage\":{\"@id\":\"https:\/\/www.eurolegnosrl.it\/de\/konzertklavierbank-plus\/#primaryimage\"},\"image\":{\"@id\":\"https:\/\/www.eurolegnosrl.it\/de\/konzertklavierbank-plus\/#primaryimage\"},\"thumbnailUrl\":\"https:\/\/www.eurolegnosrl.it\/wp-content\/uploads\/2023\/10\/panca_concerto_plus.jpg\",\"datePublished\":\"2023-11-09T15:12:58+00:00\",\"dateModified\":\"2024-01-08T09:20:35+00:00\",\"description\":\"Die Wahl der Concerto Plus 2 Klavierbank bedeutet, sich f\u00fcr ein Zubeh\u00f6r zu entscheiden, das Funktionalit\u00e4t betont, ohne dabei den Stil zu beeintr\u00e4chtigen. Sie ist f\u00fcr K\u00fcnstler konzipiert, die Komfort und Raffinesse w\u00fcnschen. Diese Konzertklavierbank\",\"breadcrumb\":{\"@id\":\"https:\/\/www.eurolegnosrl.it\/de\/konzertklavierbank-plus\/#breadcrumb\"},\"inLanguage\":\"de\",\"potentialAction\":[{\"@type\":\"ReadAction\",\"target\":[\"https:\/\/www.eurolegnosrl.it\/de\/konzertklavierbank-plus\/\"]}]},{\"@type\":\"ImageObject\",\"inLanguage\":\"de\",\"@id\":\"https:\/\/www.eurolegnosrl.it\/de\/konzertklavierbank-plus\/#primaryimage\",\"url\":\"https:\/\/www.eurolegnosrl.it\/wp-content\/uploads\/2023\/10\/panca_concerto_plus.jpg\",\"contentUrl\":\"https:\/\/www.eurolegnosrl.it\/wp-content\/uploads\/2023\/10\/panca_concerto_plus.jpg\",\"width\":632,\"height\":481},{\"@type\":\"BreadcrumbList\",\"@id\":\"https:\/\/www.eurolegnosrl.it\/de\/konzertklavierbank-plus\/#breadcrumb\",\"itemListElement\":[{\"@type\":\"ListItem\",\"position\":1,\"name\":\"Home\",\"item\":\"https:\/\/www.eurolegnosrl.it\/de\/\"},{\"@type\":\"ListItem\",\"position\":2,\"name\":\"Konzertklavierbank Plus\"}]},{\"@type\":\"WebSite\",\"@id\":\"https:\/\/www.eurolegnosrl.it\/en\/#website\",\"url\":\"https:\/\/www.eurolegnosrl.it\/en\/\",\"name\":\"Eurolegno Srl - Panche e sgabelli per pianoforte dal 1976\",\"description\":\"\",\"publisher\":{\"@id\":\"https:\/\/www.eurolegnosrl.it\/en\/#organization\"},\"potentialAction\":[{\"@type\":\"SearchAction\",\"target\":{\"@type\":\"EntryPoint\",\"urlTemplate\":\"https:\/\/www.eurolegnosrl.it\/en\/?s={search_term_string}\"},\"query-input\":{\"@type\":\"PropertyValueSpecification\",\"valueRequired\":true,\"valueName\":\"search_term_string\"}}],\"inLanguage\":\"de\"},{\"@type\":\"Organization\",\"@id\":\"https:\/\/www.eurolegnosrl.it\/en\/#organization\",\"name\":\"Eurolegno Srl - Panche e sgabelli per pianoforte dal 1976\",\"url\":\"https:\/\/www.eurolegnosrl.it\/en\/\",\"logo\":{\"@type\":\"ImageObject\",\"inLanguage\":\"de\",\"@id\":\"https:\/\/www.eurolegnosrl.it\/en\/#\/schema\/logo\/image\/\",\"url\":\"https:\/\/www.eurolegnosrl.it\/wp-content\/uploads\/2023\/09\/logo.png\",\"contentUrl\":\"https:\/\/www.eurolegnosrl.it\/wp-content\/uploads\/2023\/09\/logo.png\",\"width\":266,\"height\":59,\"caption\":\"Eurolegno Srl - Panche e sgabelli per pianoforte dal 1976\"},\"image\":{\"@id\":\"https:\/\/www.eurolegnosrl.it\/en\/#\/schema\/logo\/image\/\"}},{\"@type\":\"Person\",\"@id\":\"https:\/\/www.eurolegnosrl.it\/en\/#\/schema\/person\/43c89fc55833fe8974b8295c3d00d9c4\",\"name\":\"alessandro\",\"image\":{\"@type\":\"ImageObject\",\"inLanguage\":\"de\",\"@id\":\"https:\/\/www.eurolegnosrl.it\/en\/#\/schema\/person\/image\/\",\"url\":\"https:\/\/secure.gravatar.com\/avatar\/5a72ad19b0c339f307c13ce8755cefb00484bad6b7f58b2669dfe80c22643fb9?s=96&d=mm&r=g\",\"contentUrl\":\"https:\/\/secure.gravatar.com\/avatar\/5a72ad19b0c339f307c13ce8755cefb00484bad6b7f58b2669dfe80c22643fb9?s=96&d=mm&r=g\",\"caption\":\"alessandro\"}}]}<\/script>\n<!-- \/ Yoast SEO plugin. -->","yoast_head_json":{"title":"Plus Konzertbank - Eurolegno srl","description":"Die Wahl der Concerto Plus 2 Klavierbank bedeutet, sich f\u00fcr ein Zubeh\u00f6r zu entscheiden, das Funktionalit\u00e4t betont, ohne dabei den Stil zu beeintr\u00e4chtigen. Sie ist f\u00fcr K\u00fcnstler konzipiert, die Komfort und Raffinesse w\u00fcnschen. Diese Konzertklavierbank","robots":{"index":"index","follow":"follow","max-snippet":"max-snippet:-1","max-image-preview":"max-image-preview:large","max-video-preview":"max-video-preview:-1"},"canonical":"https:\/\/www.eurolegnosrl.it\/de\/konzertklavierbank-plus\/","og_locale":"de_DE","og_type":"article","og_title":"Plus Konzertbank - Eurolegno srl","og_description":"Die Wahl der Concerto Plus 2 Klavierbank bedeutet, sich f\u00fcr ein Zubeh\u00f6r zu entscheiden, das Funktionalit\u00e4t betont, ohne dabei den Stil zu beeintr\u00e4chtigen. Sie ist f\u00fcr K\u00fcnstler konzipiert, die Komfort und Raffinesse w\u00fcnschen. Diese Konzertklavierbank","og_url":"https:\/\/www.eurolegnosrl.it\/de\/konzertklavierbank-plus\/","og_site_name":"Eurolegno Srl - Panche e sgabelli per pianoforte dal 1976","article_published_time":"2023-11-09T15:12:58+00:00","article_modified_time":"2024-01-08T09:20:35+00:00","og_image":[{"width":632,"height":481,"url":"https:\/\/www.eurolegnosrl.it\/wp-content\/uploads\/2023\/10\/panca_concerto_plus.jpg","type":"image\/jpeg"}],"author":"alessandro","twitter_card":"summary_large_image","twitter_misc":{"Verfasst von":"alessandro","Gesch\u00e4tzte Lesezeit":"1\u00a0Minute"},"schema":{"@context":"https:\/\/schema.org","@graph":[{"@type":"Article","@id":"https:\/\/www.eurolegnosrl.it\/de\/konzertklavierbank-plus\/#article","isPartOf":{"@id":"https:\/\/www.eurolegnosrl.it\/de\/konzertklavierbank-plus\/"},"author":{"name":"alessandro","@id":"https:\/\/www.eurolegnosrl.it\/en\/#\/schema\/person\/43c89fc55833fe8974b8295c3d00d9c4"},"headline":"Konzertklavierbank Plus","datePublished":"2023-11-09T15:12:58+00:00","dateModified":"2024-01-08T09:20:35+00:00","mainEntityOfPage":{"@id":"https:\/\/www.eurolegnosrl.it\/de\/konzertklavierbank-plus\/"},"wordCount":186,"commentCount":0,"publisher":{"@id":"https:\/\/www.eurolegnosrl.it\/en\/#organization"},"image":{"@id":"https:\/\/www.eurolegnosrl.it\/de\/konzertklavierbank-plus\/#primaryimage"},"thumbnailUrl":"https:\/\/www.eurolegnosrl.it\/wp-content\/uploads\/2023\/10\/panca_concerto_plus.jpg","articleSection":["Katalog"],"inLanguage":"de","potentialAction":[{"@type":"CommentAction","name":"Comment","target":["https:\/\/www.eurolegnosrl.it\/de\/konzertklavierbank-plus\/#respond"]}]},{"@type":"WebPage","@id":"https:\/\/www.eurolegnosrl.it\/de\/konzertklavierbank-plus\/","url":"https:\/\/www.eurolegnosrl.it\/de\/konzertklavierbank-plus\/","name":"Plus Konzertbank - Eurolegno srl","isPartOf":{"@id":"https:\/\/www.eurolegnosrl.it\/en\/#website"},"primaryImageOfPage":{"@id":"https:\/\/www.eurolegnosrl.it\/de\/konzertklavierbank-plus\/#primaryimage"},"image":{"@id":"https:\/\/www.eurolegnosrl.it\/de\/konzertklavierbank-plus\/#primaryimage"},"thumbnailUrl":"https:\/\/www.eurolegnosrl.it\/wp-content\/uploads\/2023\/10\/panca_concerto_plus.jpg","datePublished":"2023-11-09T15:12:58+00:00","dateModified":"2024-01-08T09:20:35+00:00","description":"Die Wahl der Concerto Plus 2 Klavierbank bedeutet, sich f\u00fcr ein Zubeh\u00f6r zu entscheiden, das Funktionalit\u00e4t betont, ohne dabei den Stil zu beeintr\u00e4chtigen. Sie ist f\u00fcr K\u00fcnstler konzipiert, die Komfort und Raffinesse w\u00fcnschen. Diese Konzertklavierbank","breadcrumb":{"@id":"https:\/\/www.eurolegnosrl.it\/de\/konzertklavierbank-plus\/#breadcrumb"},"inLanguage":"de","potentialAction":[{"@type":"ReadAction","target":["https:\/\/www.eurolegnosrl.it\/de\/konzertklavierbank-plus\/"]}]},{"@type":"ImageObject","inLanguage":"de","@id":"https:\/\/www.eurolegnosrl.it\/de\/konzertklavierbank-plus\/#primaryimage","url":"https:\/\/www.eurolegnosrl.it\/wp-content\/uploads\/2023\/10\/panca_concerto_plus.jpg","contentUrl":"https:\/\/www.eurolegnosrl.it\/wp-content\/uploads\/2023\/10\/panca_concerto_plus.jpg","width":632,"height":481},{"@type":"BreadcrumbList","@id":"https:\/\/www.eurolegnosrl.it\/de\/konzertklavierbank-plus\/#breadcrumb","itemListElement":[{"@type":"ListItem","position":1,"name":"Home","item":"https:\/\/www.eurolegnosrl.it\/de\/"},{"@type":"ListItem","position":2,"name":"Konzertklavierbank Plus"}]},{"@type":"WebSite","@id":"https:\/\/www.eurolegnosrl.it\/en\/#website","url":"https:\/\/www.eurolegnosrl.it\/en\/","name":"Eurolegno Srl - Panche e sgabelli per pianoforte dal 1976","description":"","publisher":{"@id":"https:\/\/www.eurolegnosrl.it\/en\/#organization"},"potentialAction":[{"@type":"SearchAction","target":{"@type":"EntryPoint","urlTemplate":"https:\/\/www.eurolegnosrl.it\/en\/?s={search_term_string}"},"query-input":{"@type":"PropertyValueSpecification","valueRequired":true,"valueName":"search_term_string"}}],"inLanguage":"de"},{"@type":"Organization","@id":"https:\/\/www.eurolegnosrl.it\/en\/#organization","name":"Eurolegno Srl - Panche e sgabelli per pianoforte dal 1976","url":"https:\/\/www.eurolegnosrl.it\/en\/","logo":{"@type":"ImageObject","inLanguage":"de","@id":"https:\/\/www.eurolegnosrl.it\/en\/#\/schema\/logo\/image\/","url":"https:\/\/www.eurolegnosrl.it\/wp-content\/uploads\/2023\/09\/logo.png","contentUrl":"https:\/\/www.eurolegnosrl.it\/wp-content\/uploads\/2023\/09\/logo.png","width":266,"height":59,"caption":"Eurolegno Srl - Panche e sgabelli per pianoforte dal 1976"},"image":{"@id":"https:\/\/www.eurolegnosrl.it\/en\/#\/schema\/logo\/image\/"}},{"@type":"Person","@id":"https:\/\/www.eurolegnosrl.it\/en\/#\/schema\/person\/43c89fc55833fe8974b8295c3d00d9c4","name":"alessandro","image":{"@type":"ImageObject","inLanguage":"de","@id":"https:\/\/www.eurolegnosrl.it\/en\/#\/schema\/person\/image\/","url":"https:\/\/secure.gravatar.com\/avatar\/5a72ad19b0c339f307c13ce8755cefb00484bad6b7f58b2669dfe80c22643fb9?s=96&d=mm&r=g","contentUrl":"https:\/\/secure.gravatar.com\/avatar\/5a72ad19b0c339f307c13ce8755cefb00484bad6b7f58b2669dfe80c22643fb9?s=96&d=mm&r=g","caption":"alessandro"}}]}},"_links":{"self":[{"href":"https:\/\/www.eurolegnosrl.it\/de\/wp-json\/wp\/v2\/posts\/1984","targetHints":{"allow":["GET"]}}],"collection":[{"href":"https:\/\/www.eurolegnosrl.it\/de\/wp-json\/wp\/v2\/posts"}],"about":[{"href":"https:\/\/www.eurolegnosrl.it\/de\/wp-json\/wp\/v2\/types\/post"}],"author":[{"embeddable":true,"href":"https:\/\/www.eurolegnosrl.it\/de\/wp-json\/wp\/v2\/users\/1"}],"replies":[{"embeddable":true,"href":"https:\/\/www.eurolegnosrl.it\/de\/wp-json\/wp\/v2\/comments?post=1984"}],"version-history":[{"count":1,"href":"https:\/\/www.eurolegnosrl.it\/de\/wp-json\/wp\/v2\/posts\/1984\/revisions"}],"predecessor-version":[{"id":2070,"href":"https:\/\/www.eurolegnosrl.it\/de\/wp-json\/wp\/v2\/posts\/1984\/revisions\/2070"}],"wp:featuredmedia":[{"embeddable":true,"href":"https:\/\/www.eurolegnosrl.it\/de\/wp-json\/wp\/v2\/media\/1733"}],"wp:attachment":[{"href":"https:\/\/www.eurolegnosrl.it\/de\/wp-json\/wp\/v2\/media?parent=1984"}],"wp:term":[{"taxonomy":"category","embeddable":true,"href":"https:\/\/www.eurolegnosrl.it\/de\/wp-json\/wp\/v2\/categories?post=1984"},{"taxonomy":"post_tag","embeddable":true,"href":"https:\/\/www.eurolegnosrl.it\/de\/wp-json\/wp\/v2\/tags?post=1984"}],"curies":[{"name":"wp","href":"https:\/\/api.w.org\/{rel}","templated":true}]}}