{"id":1986,"date":"2023-11-09T16:07:32","date_gmt":"2023-11-09T15:07:32","guid":{"rendered":"https:\/\/www.eurolegnosrl.it\/ks3\/"},"modified":"2024-01-08T10:23:16","modified_gmt":"2024-01-08T09:23:16","slug":"ks3","status":"publish","type":"post","link":"https:\/\/www.eurolegnosrl.it\/de\/ks3\/","title":{"rendered":"KS3"},"content":{"rendered":"<p>Der <strong>KS3 Hocker<\/strong> ist ein Beispiel f\u00fcr funktionales Design, das moderne Eleganz verk\u00f6rpert und sich perfekt f\u00fcr Musiker und Profis eignet, die nach einer Sitzl\u00f6sung suchen, die sowohl <strong>praktisch als auch \u00e4sthetisch ansprechend ist<\/strong>. Die <strong>H\u00f6henverstellbarkeit<\/strong> erm\u00f6glicht eine individuelle Anpassung und gew\u00e4hrleistet eine optimale Haltung f\u00fcr jede Verwendung.<\/p>\n<p>Die <strong>drei geformten Beine<\/strong> verleihen dem Hocker nicht nur eine solide und stabile Basis, sondern f\u00fcgen auch ein markantes Designelement hinzu, das sich elegant in jede Umgebung einf\u00fcgt. Form und Funktionalit\u00e4t verschmelzen in diesem Hocker, der zuverl\u00e4ssige Unterst\u00fctzung bietet, ohne dabei auf Stil zu verzichten.<\/p>\n<p>Die Wahl des <strong>KS3 Hockers<\/strong> bedeutet, sich f\u00fcr ein Zubeh\u00f6r zu entscheiden, das anhaltenden Komfort, Anpassungsf\u00e4higkeit und ein Design verspricht, das Aufmerksamkeit erregt und ihn zu einer idealen <strong>Erg\u00e4nzung f\u00fcr jeden musikalischen oder Arbeitsbereich macht<\/strong>.<\/p>\n","protected":false},"excerpt":{"rendered":"<p>Der KS3 Hocker ist ein Beispiel f\u00fcr funktionales Design, das moderne Eleganz verk\u00f6rpert und sich perfekt f\u00fcr Musiker und Profis eignet, die nach einer Sitzl\u00f6sung suchen, die sowohl praktisch als auch \u00e4sthetisch ansprechend ist. Die H\u00f6henverstellbarkeit erm\u00f6glicht eine individuelle Anpassung und gew\u00e4hrleistet eine optimale Haltung f\u00fcr jede Verwendung. Die drei geformten Beine verleihen dem Hocker [&hellip;]<\/p>\n","protected":false},"author":1,"featured_media":1705,"comment_status":"open","ping_status":"open","sticky":false,"template":"","format":"standard","meta":{"_acf_changed":false,"footnotes":""},"categories":[22],"tags":[],"class_list":["post-1986","post","type-post","status-publish","format-standard","has-post-thumbnail","hentry","category-katalog"],"acf":[],"yoast_head":"<!-- This site is optimized with the Yoast SEO plugin v27.1.1 - https:\/\/yoast.com\/product\/yoast-seo-wordpress\/ -->\n<title>KS3 Hocker \u2013 funktionales Design mit moderner Eleganz<\/title>\n<meta name=\"description\" content=\"Der KS3-Hocker ist ein Beispiel f\u00fcr funktionales Design, das moderne Eleganz trifft, perfekt f\u00fcr Musiker und Profis.\" \/>\n<meta name=\"robots\" content=\"index, follow, max-snippet:-1, max-image-preview:large, max-video-preview:-1\" \/>\n<link rel=\"canonical\" href=\"https:\/\/www.eurolegnosrl.it\/de\/ks3\/\" \/>\n<meta property=\"og:locale\" content=\"de_DE\" \/>\n<meta property=\"og:type\" content=\"article\" \/>\n<meta property=\"og:title\" content=\"KS3 Hocker \u2013 funktionales Design mit moderner Eleganz\" \/>\n<meta property=\"og:description\" content=\"Der KS3-Hocker ist ein Beispiel f\u00fcr funktionales Design, das moderne Eleganz trifft, perfekt f\u00fcr Musiker und Profis.\" \/>\n<meta property=\"og:url\" content=\"https:\/\/www.eurolegnosrl.it\/de\/ks3\/\" \/>\n<meta property=\"og:site_name\" content=\"Eurolegno Srl - Panche e sgabelli per pianoforte dal 1976\" \/>\n<meta property=\"article:published_time\" content=\"2023-11-09T15:07:32+00:00\" \/>\n<meta property=\"article:modified_time\" content=\"2024-01-08T09:23:16+00:00\" \/>\n<meta property=\"og:image\" content=\"https:\/\/www.eurolegnosrl.it\/wp-content\/uploads\/2023\/10\/KS3-1.jpg\" \/>\n\t<meta property=\"og:image:width\" content=\"662\" \/>\n\t<meta property=\"og:image:height\" content=\"412\" \/>\n\t<meta property=\"og:image:type\" content=\"image\/jpeg\" \/>\n<meta name=\"author\" content=\"alessandro\" \/>\n<meta name=\"twitter:card\" content=\"summary_large_image\" \/>\n<meta name=\"twitter:label1\" content=\"Verfasst von\" \/>\n\t<meta name=\"twitter:data1\" content=\"alessandro\" \/>\n\t<meta name=\"twitter:label2\" content=\"Gesch\u00e4tzte Lesezeit\" \/>\n\t<meta name=\"twitter:data2\" content=\"1\u00a0Minute\" \/>\n<script type=\"application\/ld+json\" class=\"yoast-schema-graph\">{\"@context\":\"https:\/\/schema.org\",\"@graph\":[{\"@type\":\"Article\",\"@id\":\"https:\/\/www.eurolegnosrl.it\/de\/ks3\/#article\",\"isPartOf\":{\"@id\":\"https:\/\/www.eurolegnosrl.it\/de\/ks3\/\"},\"author\":{\"name\":\"alessandro\",\"@id\":\"https:\/\/www.eurolegnosrl.it\/en\/#\/schema\/person\/43c89fc55833fe8974b8295c3d00d9c4\"},\"headline\":\"KS3\",\"datePublished\":\"2023-11-09T15:07:32+00:00\",\"dateModified\":\"2024-01-08T09:23:16+00:00\",\"mainEntityOfPage\":{\"@id\":\"https:\/\/www.eurolegnosrl.it\/de\/ks3\/\"},\"wordCount\":147,\"commentCount\":0,\"publisher\":{\"@id\":\"https:\/\/www.eurolegnosrl.it\/en\/#organization\"},\"image\":{\"@id\":\"https:\/\/www.eurolegnosrl.it\/de\/ks3\/#primaryimage\"},\"thumbnailUrl\":\"https:\/\/www.eurolegnosrl.it\/wp-content\/uploads\/2023\/10\/KS3-1.jpg\",\"articleSection\":[\"Katalog\"],\"inLanguage\":\"de\",\"potentialAction\":[{\"@type\":\"CommentAction\",\"name\":\"Comment\",\"target\":[\"https:\/\/www.eurolegnosrl.it\/de\/ks3\/#respond\"]}]},{\"@type\":\"WebPage\",\"@id\":\"https:\/\/www.eurolegnosrl.it\/de\/ks3\/\",\"url\":\"https:\/\/www.eurolegnosrl.it\/de\/ks3\/\",\"name\":\"KS3 Hocker \u2013 funktionales Design mit moderner Eleganz\",\"isPartOf\":{\"@id\":\"https:\/\/www.eurolegnosrl.it\/en\/#website\"},\"primaryImageOfPage\":{\"@id\":\"https:\/\/www.eurolegnosrl.it\/de\/ks3\/#primaryimage\"},\"image\":{\"@id\":\"https:\/\/www.eurolegnosrl.it\/de\/ks3\/#primaryimage\"},\"thumbnailUrl\":\"https:\/\/www.eurolegnosrl.it\/wp-content\/uploads\/2023\/10\/KS3-1.jpg\",\"datePublished\":\"2023-11-09T15:07:32+00:00\",\"dateModified\":\"2024-01-08T09:23:16+00:00\",\"description\":\"Der KS3-Hocker ist ein Beispiel f\u00fcr funktionales Design, das moderne Eleganz trifft, perfekt f\u00fcr Musiker und Profis.\",\"breadcrumb\":{\"@id\":\"https:\/\/www.eurolegnosrl.it\/de\/ks3\/#breadcrumb\"},\"inLanguage\":\"de\",\"potentialAction\":[{\"@type\":\"ReadAction\",\"target\":[\"https:\/\/www.eurolegnosrl.it\/de\/ks3\/\"]}]},{\"@type\":\"ImageObject\",\"inLanguage\":\"de\",\"@id\":\"https:\/\/www.eurolegnosrl.it\/de\/ks3\/#primaryimage\",\"url\":\"https:\/\/www.eurolegnosrl.it\/wp-content\/uploads\/2023\/10\/KS3-1.jpg\",\"contentUrl\":\"https:\/\/www.eurolegnosrl.it\/wp-content\/uploads\/2023\/10\/KS3-1.jpg\",\"width\":662,\"height\":412},{\"@type\":\"BreadcrumbList\",\"@id\":\"https:\/\/www.eurolegnosrl.it\/de\/ks3\/#breadcrumb\",\"itemListElement\":[{\"@type\":\"ListItem\",\"position\":1,\"name\":\"Home\",\"item\":\"https:\/\/www.eurolegnosrl.it\/de\/\"},{\"@type\":\"ListItem\",\"position\":2,\"name\":\"KS3\"}]},{\"@type\":\"WebSite\",\"@id\":\"https:\/\/www.eurolegnosrl.it\/en\/#website\",\"url\":\"https:\/\/www.eurolegnosrl.it\/en\/\",\"name\":\"Eurolegno Srl - Panche e sgabelli per pianoforte dal 1976\",\"description\":\"\",\"publisher\":{\"@id\":\"https:\/\/www.eurolegnosrl.it\/en\/#organization\"},\"potentialAction\":[{\"@type\":\"SearchAction\",\"target\":{\"@type\":\"EntryPoint\",\"urlTemplate\":\"https:\/\/www.eurolegnosrl.it\/en\/?s={search_term_string}\"},\"query-input\":{\"@type\":\"PropertyValueSpecification\",\"valueRequired\":true,\"valueName\":\"search_term_string\"}}],\"inLanguage\":\"de\"},{\"@type\":\"Organization\",\"@id\":\"https:\/\/www.eurolegnosrl.it\/en\/#organization\",\"name\":\"Eurolegno Srl - Panche e sgabelli per pianoforte dal 1976\",\"url\":\"https:\/\/www.eurolegnosrl.it\/en\/\",\"logo\":{\"@type\":\"ImageObject\",\"inLanguage\":\"de\",\"@id\":\"https:\/\/www.eurolegnosrl.it\/en\/#\/schema\/logo\/image\/\",\"url\":\"https:\/\/www.eurolegnosrl.it\/wp-content\/uploads\/2023\/09\/logo.png\",\"contentUrl\":\"https:\/\/www.eurolegnosrl.it\/wp-content\/uploads\/2023\/09\/logo.png\",\"width\":266,\"height\":59,\"caption\":\"Eurolegno Srl - Panche e sgabelli per pianoforte dal 1976\"},\"image\":{\"@id\":\"https:\/\/www.eurolegnosrl.it\/en\/#\/schema\/logo\/image\/\"}},{\"@type\":\"Person\",\"@id\":\"https:\/\/www.eurolegnosrl.it\/en\/#\/schema\/person\/43c89fc55833fe8974b8295c3d00d9c4\",\"name\":\"alessandro\",\"image\":{\"@type\":\"ImageObject\",\"inLanguage\":\"de\",\"@id\":\"https:\/\/www.eurolegnosrl.it\/en\/#\/schema\/person\/image\/\",\"url\":\"https:\/\/secure.gravatar.com\/avatar\/5a72ad19b0c339f307c13ce8755cefb00484bad6b7f58b2669dfe80c22643fb9?s=96&d=mm&r=g\",\"contentUrl\":\"https:\/\/secure.gravatar.com\/avatar\/5a72ad19b0c339f307c13ce8755cefb00484bad6b7f58b2669dfe80c22643fb9?s=96&d=mm&r=g\",\"caption\":\"alessandro\"}}]}<\/script>\n<!-- \/ Yoast SEO plugin. -->","yoast_head_json":{"title":"KS3 Hocker \u2013 funktionales Design mit moderner Eleganz","description":"Der KS3-Hocker ist ein Beispiel f\u00fcr funktionales Design, das moderne Eleganz trifft, perfekt f\u00fcr Musiker und Profis.","robots":{"index":"index","follow":"follow","max-snippet":"max-snippet:-1","max-image-preview":"max-image-preview:large","max-video-preview":"max-video-preview:-1"},"canonical":"https:\/\/www.eurolegnosrl.it\/de\/ks3\/","og_locale":"de_DE","og_type":"article","og_title":"KS3 Hocker \u2013 funktionales Design mit moderner Eleganz","og_description":"Der KS3-Hocker ist ein Beispiel f\u00fcr funktionales Design, das moderne Eleganz trifft, perfekt f\u00fcr Musiker und Profis.","og_url":"https:\/\/www.eurolegnosrl.it\/de\/ks3\/","og_site_name":"Eurolegno Srl - Panche e sgabelli per pianoforte dal 1976","article_published_time":"2023-11-09T15:07:32+00:00","article_modified_time":"2024-01-08T09:23:16+00:00","og_image":[{"width":662,"height":412,"url":"https:\/\/www.eurolegnosrl.it\/wp-content\/uploads\/2023\/10\/KS3-1.jpg","type":"image\/jpeg"}],"author":"alessandro","twitter_card":"summary_large_image","twitter_misc":{"Verfasst von":"alessandro","Gesch\u00e4tzte Lesezeit":"1\u00a0Minute"},"schema":{"@context":"https:\/\/schema.org","@graph":[{"@type":"Article","@id":"https:\/\/www.eurolegnosrl.it\/de\/ks3\/#article","isPartOf":{"@id":"https:\/\/www.eurolegnosrl.it\/de\/ks3\/"},"author":{"name":"alessandro","@id":"https:\/\/www.eurolegnosrl.it\/en\/#\/schema\/person\/43c89fc55833fe8974b8295c3d00d9c4"},"headline":"KS3","datePublished":"2023-11-09T15:07:32+00:00","dateModified":"2024-01-08T09:23:16+00:00","mainEntityOfPage":{"@id":"https:\/\/www.eurolegnosrl.it\/de\/ks3\/"},"wordCount":147,"commentCount":0,"publisher":{"@id":"https:\/\/www.eurolegnosrl.it\/en\/#organization"},"image":{"@id":"https:\/\/www.eurolegnosrl.it\/de\/ks3\/#primaryimage"},"thumbnailUrl":"https:\/\/www.eurolegnosrl.it\/wp-content\/uploads\/2023\/10\/KS3-1.jpg","articleSection":["Katalog"],"inLanguage":"de","potentialAction":[{"@type":"CommentAction","name":"Comment","target":["https:\/\/www.eurolegnosrl.it\/de\/ks3\/#respond"]}]},{"@type":"WebPage","@id":"https:\/\/www.eurolegnosrl.it\/de\/ks3\/","url":"https:\/\/www.eurolegnosrl.it\/de\/ks3\/","name":"KS3 Hocker \u2013 funktionales Design mit moderner Eleganz","isPartOf":{"@id":"https:\/\/www.eurolegnosrl.it\/en\/#website"},"primaryImageOfPage":{"@id":"https:\/\/www.eurolegnosrl.it\/de\/ks3\/#primaryimage"},"image":{"@id":"https:\/\/www.eurolegnosrl.it\/de\/ks3\/#primaryimage"},"thumbnailUrl":"https:\/\/www.eurolegnosrl.it\/wp-content\/uploads\/2023\/10\/KS3-1.jpg","datePublished":"2023-11-09T15:07:32+00:00","dateModified":"2024-01-08T09:23:16+00:00","description":"Der KS3-Hocker ist ein Beispiel f\u00fcr funktionales Design, das moderne Eleganz trifft, perfekt f\u00fcr Musiker und Profis.","breadcrumb":{"@id":"https:\/\/www.eurolegnosrl.it\/de\/ks3\/#breadcrumb"},"inLanguage":"de","potentialAction":[{"@type":"ReadAction","target":["https:\/\/www.eurolegnosrl.it\/de\/ks3\/"]}]},{"@type":"ImageObject","inLanguage":"de","@id":"https:\/\/www.eurolegnosrl.it\/de\/ks3\/#primaryimage","url":"https:\/\/www.eurolegnosrl.it\/wp-content\/uploads\/2023\/10\/KS3-1.jpg","contentUrl":"https:\/\/www.eurolegnosrl.it\/wp-content\/uploads\/2023\/10\/KS3-1.jpg","width":662,"height":412},{"@type":"BreadcrumbList","@id":"https:\/\/www.eurolegnosrl.it\/de\/ks3\/#breadcrumb","itemListElement":[{"@type":"ListItem","position":1,"name":"Home","item":"https:\/\/www.eurolegnosrl.it\/de\/"},{"@type":"ListItem","position":2,"name":"KS3"}]},{"@type":"WebSite","@id":"https:\/\/www.eurolegnosrl.it\/en\/#website","url":"https:\/\/www.eurolegnosrl.it\/en\/","name":"Eurolegno Srl - Panche e sgabelli per pianoforte dal 1976","description":"","publisher":{"@id":"https:\/\/www.eurolegnosrl.it\/en\/#organization"},"potentialAction":[{"@type":"SearchAction","target":{"@type":"EntryPoint","urlTemplate":"https:\/\/www.eurolegnosrl.it\/en\/?s={search_term_string}"},"query-input":{"@type":"PropertyValueSpecification","valueRequired":true,"valueName":"search_term_string"}}],"inLanguage":"de"},{"@type":"Organization","@id":"https:\/\/www.eurolegnosrl.it\/en\/#organization","name":"Eurolegno Srl - Panche e sgabelli per pianoforte dal 1976","url":"https:\/\/www.eurolegnosrl.it\/en\/","logo":{"@type":"ImageObject","inLanguage":"de","@id":"https:\/\/www.eurolegnosrl.it\/en\/#\/schema\/logo\/image\/","url":"https:\/\/www.eurolegnosrl.it\/wp-content\/uploads\/2023\/09\/logo.png","contentUrl":"https:\/\/www.eurolegnosrl.it\/wp-content\/uploads\/2023\/09\/logo.png","width":266,"height":59,"caption":"Eurolegno Srl - Panche e sgabelli per pianoforte dal 1976"},"image":{"@id":"https:\/\/www.eurolegnosrl.it\/en\/#\/schema\/logo\/image\/"}},{"@type":"Person","@id":"https:\/\/www.eurolegnosrl.it\/en\/#\/schema\/person\/43c89fc55833fe8974b8295c3d00d9c4","name":"alessandro","image":{"@type":"ImageObject","inLanguage":"de","@id":"https:\/\/www.eurolegnosrl.it\/en\/#\/schema\/person\/image\/","url":"https:\/\/secure.gravatar.com\/avatar\/5a72ad19b0c339f307c13ce8755cefb00484bad6b7f58b2669dfe80c22643fb9?s=96&d=mm&r=g","contentUrl":"https:\/\/secure.gravatar.com\/avatar\/5a72ad19b0c339f307c13ce8755cefb00484bad6b7f58b2669dfe80c22643fb9?s=96&d=mm&r=g","caption":"alessandro"}}]}},"_links":{"self":[{"href":"https:\/\/www.eurolegnosrl.it\/de\/wp-json\/wp\/v2\/posts\/1986","targetHints":{"allow":["GET"]}}],"collection":[{"href":"https:\/\/www.eurolegnosrl.it\/de\/wp-json\/wp\/v2\/posts"}],"about":[{"href":"https:\/\/www.eurolegnosrl.it\/de\/wp-json\/wp\/v2\/types\/post"}],"author":[{"embeddable":true,"href":"https:\/\/www.eurolegnosrl.it\/de\/wp-json\/wp\/v2\/users\/1"}],"replies":[{"embeddable":true,"href":"https:\/\/www.eurolegnosrl.it\/de\/wp-json\/wp\/v2\/comments?post=1986"}],"version-history":[{"count":1,"href":"https:\/\/www.eurolegnosrl.it\/de\/wp-json\/wp\/v2\/posts\/1986\/revisions"}],"predecessor-version":[{"id":2072,"href":"https:\/\/www.eurolegnosrl.it\/de\/wp-json\/wp\/v2\/posts\/1986\/revisions\/2072"}],"wp:featuredmedia":[{"embeddable":true,"href":"https:\/\/www.eurolegnosrl.it\/de\/wp-json\/wp\/v2\/media\/1705"}],"wp:attachment":[{"href":"https:\/\/www.eurolegnosrl.it\/de\/wp-json\/wp\/v2\/media?parent=1986"}],"wp:term":[{"taxonomy":"category","embeddable":true,"href":"https:\/\/www.eurolegnosrl.it\/de\/wp-json\/wp\/v2\/categories?post=1986"},{"taxonomy":"post_tag","embeddable":true,"href":"https:\/\/www.eurolegnosrl.it\/de\/wp-json\/wp\/v2\/tags?post=1986"}],"curies":[{"name":"wp","href":"https:\/\/api.w.org\/{rel}","templated":true}]}}