{"id":1988,"date":"2023-11-09T15:58:41","date_gmt":"2023-11-09T14:58:41","guid":{"rendered":"https:\/\/www.eurolegnosrl.it\/p13\/"},"modified":"2024-01-08T10:25:09","modified_gmt":"2024-01-08T09:25:09","slug":"p13","status":"publish","type":"post","link":"https:\/\/www.eurolegnosrl.it\/de\/p13\/","title":{"rendered":"P13"},"content":{"rendered":"<p>Die <strong>rechteckige Bank im &#8218;Artista&#8216; P13<\/strong> Stil repr\u00e4sentiert die perfekte Kombination aus Funktionalit\u00e4t und raffiniertem Design. Mit einer L\u00e4nge von <strong>92 cm<\/strong> bietet diese Bank eine gro\u00dfz\u00fcgige Sitzfl\u00e4che, die ideal ist f\u00fcr Musiker, die w\u00e4hrend ihrer Auff\u00fchrungen Platz und Komfort suchen.<\/p>\n<p><strong>Die gedrehten Beine<\/strong> sind das Herzst\u00fcck des eleganten Designs des P13 Modells und verleihen eine Note von Klassik und Raffinesse, die sich in jede musikalische Umgebung einf\u00fcgt. Diese Bank ist nicht nur ein M\u00f6belst\u00fcck, sondern eine echte Stil-Erkl\u00e4rung, die die Pr\u00e4senz eines jeden Klaviers oder Instruments unterstreicht.<\/p>\n<p>Die Wahl der <strong>&#8218;Artista&#8216; P13 Bank bedeutet<\/strong>, sich f\u00fcr ein Accessoire zu entscheiden, das Ihre Leidenschaft f\u00fcr Musik mit zeitloser <strong>Eleganz und absolutem Komfort unterstreicht.<\/strong><\/p>\n","protected":false},"excerpt":{"rendered":"<p>Die rechteckige Bank im &#8218;Artista&#8216; P13 Stil repr\u00e4sentiert die perfekte Kombination aus Funktionalit\u00e4t und raffiniertem Design. Mit einer L\u00e4nge von 92 cm bietet diese Bank eine gro\u00dfz\u00fcgige Sitzfl\u00e4che, die ideal ist f\u00fcr Musiker, die w\u00e4hrend ihrer Auff\u00fchrungen Platz und Komfort suchen. Die gedrehten Beine sind das Herzst\u00fcck des eleganten Designs des P13 Modells und verleihen [&hellip;]<\/p>\n","protected":false},"author":1,"featured_media":1731,"comment_status":"open","ping_status":"open","sticky":false,"template":"","format":"standard","meta":{"_acf_changed":false,"footnotes":""},"categories":[22],"tags":[],"class_list":["post-1988","post","type-post","status-publish","format-standard","has-post-thumbnail","hentry","category-katalog"],"acf":[],"yoast_head":"<!-- This site is optimized with the Yoast SEO plugin v27.1.1 - https:\/\/yoast.com\/product\/yoast-seo-wordpress\/ -->\n<title>Die rechteckige Bank Modell Artista P13 - Eurolegno srl<\/title>\n<meta name=\"description\" content=\"Die rechteckige Bank im &#039;Artista&#039; P13 Stil repr\u00e4sentiert die perfekte Kombination aus Funktionalit\u00e4t und raffiniertem Design. Mit einer L\u00e4nge...\" \/>\n<meta name=\"robots\" content=\"index, follow, max-snippet:-1, max-image-preview:large, max-video-preview:-1\" \/>\n<link rel=\"canonical\" href=\"https:\/\/www.eurolegnosrl.it\/de\/p13\/\" \/>\n<meta property=\"og:locale\" content=\"de_DE\" \/>\n<meta property=\"og:type\" content=\"article\" \/>\n<meta property=\"og:title\" content=\"Die rechteckige Bank Modell Artista P13 - Eurolegno srl\" \/>\n<meta property=\"og:description\" content=\"Die rechteckige Bank im &#039;Artista&#039; P13 Stil repr\u00e4sentiert die perfekte Kombination aus Funktionalit\u00e4t und raffiniertem Design. Mit einer L\u00e4nge...\" \/>\n<meta property=\"og:url\" content=\"https:\/\/www.eurolegnosrl.it\/de\/p13\/\" \/>\n<meta property=\"og:site_name\" content=\"Eurolegno Srl - Panche e sgabelli per pianoforte dal 1976\" \/>\n<meta property=\"article:published_time\" content=\"2023-11-09T14:58:41+00:00\" \/>\n<meta property=\"article:modified_time\" content=\"2024-01-08T09:25:09+00:00\" \/>\n<meta property=\"og:image\" content=\"https:\/\/www.eurolegnosrl.it\/wp-content\/uploads\/2023\/10\/P13-1.jpg\" \/>\n\t<meta property=\"og:image:width\" content=\"611\" \/>\n\t<meta property=\"og:image:height\" content=\"334\" \/>\n\t<meta property=\"og:image:type\" content=\"image\/jpeg\" \/>\n<meta name=\"author\" content=\"alessandro\" \/>\n<meta name=\"twitter:card\" content=\"summary_large_image\" \/>\n<meta name=\"twitter:label1\" content=\"Verfasst von\" \/>\n\t<meta name=\"twitter:data1\" content=\"alessandro\" \/>\n\t<meta name=\"twitter:label2\" content=\"Gesch\u00e4tzte Lesezeit\" \/>\n\t<meta name=\"twitter:data2\" content=\"1\u00a0Minute\" \/>\n<script type=\"application\/ld+json\" class=\"yoast-schema-graph\">{\"@context\":\"https:\/\/schema.org\",\"@graph\":[{\"@type\":\"Article\",\"@id\":\"https:\/\/www.eurolegnosrl.it\/de\/p13\/#article\",\"isPartOf\":{\"@id\":\"https:\/\/www.eurolegnosrl.it\/de\/p13\/\"},\"author\":{\"name\":\"alessandro\",\"@id\":\"https:\/\/www.eurolegnosrl.it\/en\/#\/schema\/person\/43c89fc55833fe8974b8295c3d00d9c4\"},\"headline\":\"P13\",\"datePublished\":\"2023-11-09T14:58:41+00:00\",\"dateModified\":\"2024-01-08T09:25:09+00:00\",\"mainEntityOfPage\":{\"@id\":\"https:\/\/www.eurolegnosrl.it\/de\/p13\/\"},\"wordCount\":130,\"commentCount\":0,\"publisher\":{\"@id\":\"https:\/\/www.eurolegnosrl.it\/en\/#organization\"},\"image\":{\"@id\":\"https:\/\/www.eurolegnosrl.it\/de\/p13\/#primaryimage\"},\"thumbnailUrl\":\"https:\/\/www.eurolegnosrl.it\/wp-content\/uploads\/2023\/10\/P13-1.jpg\",\"articleSection\":[\"Katalog\"],\"inLanguage\":\"de\",\"potentialAction\":[{\"@type\":\"CommentAction\",\"name\":\"Comment\",\"target\":[\"https:\/\/www.eurolegnosrl.it\/de\/p13\/#respond\"]}]},{\"@type\":\"WebPage\",\"@id\":\"https:\/\/www.eurolegnosrl.it\/de\/p13\/\",\"url\":\"https:\/\/www.eurolegnosrl.it\/de\/p13\/\",\"name\":\"Die rechteckige Bank Modell Artista P13 - Eurolegno srl\",\"isPartOf\":{\"@id\":\"https:\/\/www.eurolegnosrl.it\/en\/#website\"},\"primaryImageOfPage\":{\"@id\":\"https:\/\/www.eurolegnosrl.it\/de\/p13\/#primaryimage\"},\"image\":{\"@id\":\"https:\/\/www.eurolegnosrl.it\/de\/p13\/#primaryimage\"},\"thumbnailUrl\":\"https:\/\/www.eurolegnosrl.it\/wp-content\/uploads\/2023\/10\/P13-1.jpg\",\"datePublished\":\"2023-11-09T14:58:41+00:00\",\"dateModified\":\"2024-01-08T09:25:09+00:00\",\"description\":\"Die rechteckige Bank im 'Artista' P13 Stil repr\u00e4sentiert die perfekte Kombination aus Funktionalit\u00e4t und raffiniertem Design. Mit einer L\u00e4nge...\",\"breadcrumb\":{\"@id\":\"https:\/\/www.eurolegnosrl.it\/de\/p13\/#breadcrumb\"},\"inLanguage\":\"de\",\"potentialAction\":[{\"@type\":\"ReadAction\",\"target\":[\"https:\/\/www.eurolegnosrl.it\/de\/p13\/\"]}]},{\"@type\":\"ImageObject\",\"inLanguage\":\"de\",\"@id\":\"https:\/\/www.eurolegnosrl.it\/de\/p13\/#primaryimage\",\"url\":\"https:\/\/www.eurolegnosrl.it\/wp-content\/uploads\/2023\/10\/P13-1.jpg\",\"contentUrl\":\"https:\/\/www.eurolegnosrl.it\/wp-content\/uploads\/2023\/10\/P13-1.jpg\",\"width\":611,\"height\":334},{\"@type\":\"BreadcrumbList\",\"@id\":\"https:\/\/www.eurolegnosrl.it\/de\/p13\/#breadcrumb\",\"itemListElement\":[{\"@type\":\"ListItem\",\"position\":1,\"name\":\"Home\",\"item\":\"https:\/\/www.eurolegnosrl.it\/de\/\"},{\"@type\":\"ListItem\",\"position\":2,\"name\":\"P13\"}]},{\"@type\":\"WebSite\",\"@id\":\"https:\/\/www.eurolegnosrl.it\/en\/#website\",\"url\":\"https:\/\/www.eurolegnosrl.it\/en\/\",\"name\":\"Eurolegno Srl - Panche e sgabelli per pianoforte dal 1976\",\"description\":\"\",\"publisher\":{\"@id\":\"https:\/\/www.eurolegnosrl.it\/en\/#organization\"},\"potentialAction\":[{\"@type\":\"SearchAction\",\"target\":{\"@type\":\"EntryPoint\",\"urlTemplate\":\"https:\/\/www.eurolegnosrl.it\/en\/?s={search_term_string}\"},\"query-input\":{\"@type\":\"PropertyValueSpecification\",\"valueRequired\":true,\"valueName\":\"search_term_string\"}}],\"inLanguage\":\"de\"},{\"@type\":\"Organization\",\"@id\":\"https:\/\/www.eurolegnosrl.it\/en\/#organization\",\"name\":\"Eurolegno Srl - Panche e sgabelli per pianoforte dal 1976\",\"url\":\"https:\/\/www.eurolegnosrl.it\/en\/\",\"logo\":{\"@type\":\"ImageObject\",\"inLanguage\":\"de\",\"@id\":\"https:\/\/www.eurolegnosrl.it\/en\/#\/schema\/logo\/image\/\",\"url\":\"https:\/\/www.eurolegnosrl.it\/wp-content\/uploads\/2023\/09\/logo.png\",\"contentUrl\":\"https:\/\/www.eurolegnosrl.it\/wp-content\/uploads\/2023\/09\/logo.png\",\"width\":266,\"height\":59,\"caption\":\"Eurolegno Srl - Panche e sgabelli per pianoforte dal 1976\"},\"image\":{\"@id\":\"https:\/\/www.eurolegnosrl.it\/en\/#\/schema\/logo\/image\/\"}},{\"@type\":\"Person\",\"@id\":\"https:\/\/www.eurolegnosrl.it\/en\/#\/schema\/person\/43c89fc55833fe8974b8295c3d00d9c4\",\"name\":\"alessandro\",\"image\":{\"@type\":\"ImageObject\",\"inLanguage\":\"de\",\"@id\":\"https:\/\/www.eurolegnosrl.it\/en\/#\/schema\/person\/image\/\",\"url\":\"https:\/\/secure.gravatar.com\/avatar\/5a72ad19b0c339f307c13ce8755cefb00484bad6b7f58b2669dfe80c22643fb9?s=96&d=mm&r=g\",\"contentUrl\":\"https:\/\/secure.gravatar.com\/avatar\/5a72ad19b0c339f307c13ce8755cefb00484bad6b7f58b2669dfe80c22643fb9?s=96&d=mm&r=g\",\"caption\":\"alessandro\"}}]}<\/script>\n<!-- \/ Yoast SEO plugin. -->","yoast_head_json":{"title":"Die rechteckige Bank Modell Artista P13 - Eurolegno srl","description":"Die rechteckige Bank im 'Artista' P13 Stil repr\u00e4sentiert die perfekte Kombination aus Funktionalit\u00e4t und raffiniertem Design. Mit einer L\u00e4nge...","robots":{"index":"index","follow":"follow","max-snippet":"max-snippet:-1","max-image-preview":"max-image-preview:large","max-video-preview":"max-video-preview:-1"},"canonical":"https:\/\/www.eurolegnosrl.it\/de\/p13\/","og_locale":"de_DE","og_type":"article","og_title":"Die rechteckige Bank Modell Artista P13 - Eurolegno srl","og_description":"Die rechteckige Bank im 'Artista' P13 Stil repr\u00e4sentiert die perfekte Kombination aus Funktionalit\u00e4t und raffiniertem Design. Mit einer L\u00e4nge...","og_url":"https:\/\/www.eurolegnosrl.it\/de\/p13\/","og_site_name":"Eurolegno Srl - Panche e sgabelli per pianoforte dal 1976","article_published_time":"2023-11-09T14:58:41+00:00","article_modified_time":"2024-01-08T09:25:09+00:00","og_image":[{"width":611,"height":334,"url":"https:\/\/www.eurolegnosrl.it\/wp-content\/uploads\/2023\/10\/P13-1.jpg","type":"image\/jpeg"}],"author":"alessandro","twitter_card":"summary_large_image","twitter_misc":{"Verfasst von":"alessandro","Gesch\u00e4tzte Lesezeit":"1\u00a0Minute"},"schema":{"@context":"https:\/\/schema.org","@graph":[{"@type":"Article","@id":"https:\/\/www.eurolegnosrl.it\/de\/p13\/#article","isPartOf":{"@id":"https:\/\/www.eurolegnosrl.it\/de\/p13\/"},"author":{"name":"alessandro","@id":"https:\/\/www.eurolegnosrl.it\/en\/#\/schema\/person\/43c89fc55833fe8974b8295c3d00d9c4"},"headline":"P13","datePublished":"2023-11-09T14:58:41+00:00","dateModified":"2024-01-08T09:25:09+00:00","mainEntityOfPage":{"@id":"https:\/\/www.eurolegnosrl.it\/de\/p13\/"},"wordCount":130,"commentCount":0,"publisher":{"@id":"https:\/\/www.eurolegnosrl.it\/en\/#organization"},"image":{"@id":"https:\/\/www.eurolegnosrl.it\/de\/p13\/#primaryimage"},"thumbnailUrl":"https:\/\/www.eurolegnosrl.it\/wp-content\/uploads\/2023\/10\/P13-1.jpg","articleSection":["Katalog"],"inLanguage":"de","potentialAction":[{"@type":"CommentAction","name":"Comment","target":["https:\/\/www.eurolegnosrl.it\/de\/p13\/#respond"]}]},{"@type":"WebPage","@id":"https:\/\/www.eurolegnosrl.it\/de\/p13\/","url":"https:\/\/www.eurolegnosrl.it\/de\/p13\/","name":"Die rechteckige Bank Modell Artista P13 - Eurolegno srl","isPartOf":{"@id":"https:\/\/www.eurolegnosrl.it\/en\/#website"},"primaryImageOfPage":{"@id":"https:\/\/www.eurolegnosrl.it\/de\/p13\/#primaryimage"},"image":{"@id":"https:\/\/www.eurolegnosrl.it\/de\/p13\/#primaryimage"},"thumbnailUrl":"https:\/\/www.eurolegnosrl.it\/wp-content\/uploads\/2023\/10\/P13-1.jpg","datePublished":"2023-11-09T14:58:41+00:00","dateModified":"2024-01-08T09:25:09+00:00","description":"Die rechteckige Bank im 'Artista' P13 Stil repr\u00e4sentiert die perfekte Kombination aus Funktionalit\u00e4t und raffiniertem Design. Mit einer L\u00e4nge...","breadcrumb":{"@id":"https:\/\/www.eurolegnosrl.it\/de\/p13\/#breadcrumb"},"inLanguage":"de","potentialAction":[{"@type":"ReadAction","target":["https:\/\/www.eurolegnosrl.it\/de\/p13\/"]}]},{"@type":"ImageObject","inLanguage":"de","@id":"https:\/\/www.eurolegnosrl.it\/de\/p13\/#primaryimage","url":"https:\/\/www.eurolegnosrl.it\/wp-content\/uploads\/2023\/10\/P13-1.jpg","contentUrl":"https:\/\/www.eurolegnosrl.it\/wp-content\/uploads\/2023\/10\/P13-1.jpg","width":611,"height":334},{"@type":"BreadcrumbList","@id":"https:\/\/www.eurolegnosrl.it\/de\/p13\/#breadcrumb","itemListElement":[{"@type":"ListItem","position":1,"name":"Home","item":"https:\/\/www.eurolegnosrl.it\/de\/"},{"@type":"ListItem","position":2,"name":"P13"}]},{"@type":"WebSite","@id":"https:\/\/www.eurolegnosrl.it\/en\/#website","url":"https:\/\/www.eurolegnosrl.it\/en\/","name":"Eurolegno Srl - Panche e sgabelli per pianoforte dal 1976","description":"","publisher":{"@id":"https:\/\/www.eurolegnosrl.it\/en\/#organization"},"potentialAction":[{"@type":"SearchAction","target":{"@type":"EntryPoint","urlTemplate":"https:\/\/www.eurolegnosrl.it\/en\/?s={search_term_string}"},"query-input":{"@type":"PropertyValueSpecification","valueRequired":true,"valueName":"search_term_string"}}],"inLanguage":"de"},{"@type":"Organization","@id":"https:\/\/www.eurolegnosrl.it\/en\/#organization","name":"Eurolegno Srl - Panche e sgabelli per pianoforte dal 1976","url":"https:\/\/www.eurolegnosrl.it\/en\/","logo":{"@type":"ImageObject","inLanguage":"de","@id":"https:\/\/www.eurolegnosrl.it\/en\/#\/schema\/logo\/image\/","url":"https:\/\/www.eurolegnosrl.it\/wp-content\/uploads\/2023\/09\/logo.png","contentUrl":"https:\/\/www.eurolegnosrl.it\/wp-content\/uploads\/2023\/09\/logo.png","width":266,"height":59,"caption":"Eurolegno Srl - Panche e sgabelli per pianoforte dal 1976"},"image":{"@id":"https:\/\/www.eurolegnosrl.it\/en\/#\/schema\/logo\/image\/"}},{"@type":"Person","@id":"https:\/\/www.eurolegnosrl.it\/en\/#\/schema\/person\/43c89fc55833fe8974b8295c3d00d9c4","name":"alessandro","image":{"@type":"ImageObject","inLanguage":"de","@id":"https:\/\/www.eurolegnosrl.it\/en\/#\/schema\/person\/image\/","url":"https:\/\/secure.gravatar.com\/avatar\/5a72ad19b0c339f307c13ce8755cefb00484bad6b7f58b2669dfe80c22643fb9?s=96&d=mm&r=g","contentUrl":"https:\/\/secure.gravatar.com\/avatar\/5a72ad19b0c339f307c13ce8755cefb00484bad6b7f58b2669dfe80c22643fb9?s=96&d=mm&r=g","caption":"alessandro"}}]}},"_links":{"self":[{"href":"https:\/\/www.eurolegnosrl.it\/de\/wp-json\/wp\/v2\/posts\/1988","targetHints":{"allow":["GET"]}}],"collection":[{"href":"https:\/\/www.eurolegnosrl.it\/de\/wp-json\/wp\/v2\/posts"}],"about":[{"href":"https:\/\/www.eurolegnosrl.it\/de\/wp-json\/wp\/v2\/types\/post"}],"author":[{"embeddable":true,"href":"https:\/\/www.eurolegnosrl.it\/de\/wp-json\/wp\/v2\/users\/1"}],"replies":[{"embeddable":true,"href":"https:\/\/www.eurolegnosrl.it\/de\/wp-json\/wp\/v2\/comments?post=1988"}],"version-history":[{"count":1,"href":"https:\/\/www.eurolegnosrl.it\/de\/wp-json\/wp\/v2\/posts\/1988\/revisions"}],"predecessor-version":[{"id":2074,"href":"https:\/\/www.eurolegnosrl.it\/de\/wp-json\/wp\/v2\/posts\/1988\/revisions\/2074"}],"wp:featuredmedia":[{"embeddable":true,"href":"https:\/\/www.eurolegnosrl.it\/de\/wp-json\/wp\/v2\/media\/1731"}],"wp:attachment":[{"href":"https:\/\/www.eurolegnosrl.it\/de\/wp-json\/wp\/v2\/media?parent=1988"}],"wp:term":[{"taxonomy":"category","embeddable":true,"href":"https:\/\/www.eurolegnosrl.it\/de\/wp-json\/wp\/v2\/categories?post=1988"},{"taxonomy":"post_tag","embeddable":true,"href":"https:\/\/www.eurolegnosrl.it\/de\/wp-json\/wp\/v2\/tags?post=1988"}],"curies":[{"name":"wp","href":"https:\/\/api.w.org\/{rel}","templated":true}]}}