{"id":1990,"date":"2023-11-09T15:53:09","date_gmt":"2023-11-09T14:53:09","guid":{"rendered":"https:\/\/www.eurolegnosrl.it\/p10-und-p11\/"},"modified":"2024-01-08T10:28:09","modified_gmt":"2024-01-08T09:28:09","slug":"p10-und-p11","status":"publish","type":"post","link":"https:\/\/www.eurolegnosrl.it\/de\/p10-und-p11\/","title":{"rendered":"P10 und P11"},"content":{"rendered":"<p>Die <strong>B\u00e4nke P10 und P11<\/strong> wurden sorgf\u00e4ltig entwickelt, um den speziellen Anforderungen von Organisten gerecht zu werden. Diese <strong>B\u00e4nke sind nicht nur eine Unterst\u00fctzung w\u00e4hrend der Auff\u00fchrungen<\/strong>, sondern auch eine organisatorische Hilfe dank des integrierten Notenfachs, ideal, um die Musik und Zubeh\u00f6r ordentlich und griffbereit zu halten.&#8220;<\/p>\n<p>Die <strong>robuste Bauweise<\/strong> und die Liebe zum Detail stellen sicher, dass die B\u00e4nke P10 und P11 eine langlebige und zuverl\u00e4ssige Investition sind. Ihre Vielseitigkeit macht sie sowohl f\u00fcr den Einsatz in Kirchen und Konzerts\u00e4len als auch f\u00fcr das private \u00dcben geeignet.<\/p>\n<p>Durch die Wahl der <strong>B\u00e4nke P10 und P11<\/strong> k\u00f6nnen Organisten auf eine bequeme und <strong>funktionale Sitzfl\u00e4che z\u00e4hlen<\/strong>, die das Spielerlebnis verbessert und die Organisation des Musikraums erleichtert.<\/p>\n","protected":false},"excerpt":{"rendered":"<p>Die B\u00e4nke P10 und P11 wurden sorgf\u00e4ltig entwickelt, um den speziellen Anforderungen von Organisten gerecht zu werden. Diese B\u00e4nke sind nicht nur eine Unterst\u00fctzung w\u00e4hrend der Auff\u00fchrungen, sondern auch eine organisatorische Hilfe dank des integrierten Notenfachs, ideal, um die Musik und Zubeh\u00f6r ordentlich und griffbereit zu halten.&#8220; Die robuste Bauweise und die Liebe zum Detail [&hellip;]<\/p>\n","protected":false},"author":1,"featured_media":1765,"comment_status":"open","ping_status":"open","sticky":false,"template":"","format":"standard","meta":{"_acf_changed":false,"footnotes":""},"categories":[22],"tags":[],"class_list":["post-1990","post","type-post","status-publish","format-standard","has-post-thumbnail","hentry","category-katalog"],"acf":[],"yoast_head":"<!-- This site is optimized with the Yoast SEO plugin v27.1.1 - https:\/\/yoast.com\/product\/yoast-seo-wordpress\/ -->\n<title>B\u00e4nke P10 und P11 - Eurolegno srl<\/title>\n<meta name=\"description\" content=\"Die B\u00e4nke P10 und P11 wurden sorgf\u00e4ltig entworfen, um den spezifischen Bed\u00fcrfnissen von Organisten gerecht zu werden.\" \/>\n<meta name=\"robots\" content=\"index, follow, max-snippet:-1, max-image-preview:large, max-video-preview:-1\" \/>\n<link rel=\"canonical\" href=\"https:\/\/www.eurolegnosrl.it\/de\/p10-und-p11\/\" \/>\n<meta property=\"og:locale\" content=\"de_DE\" \/>\n<meta property=\"og:type\" content=\"article\" \/>\n<meta property=\"og:title\" content=\"B\u00e4nke P10 und P11 - Eurolegno srl\" \/>\n<meta property=\"og:description\" content=\"Die B\u00e4nke P10 und P11 wurden sorgf\u00e4ltig entworfen, um den spezifischen Bed\u00fcrfnissen von Organisten gerecht zu werden.\" \/>\n<meta property=\"og:url\" content=\"https:\/\/www.eurolegnosrl.it\/de\/p10-und-p11\/\" \/>\n<meta property=\"og:site_name\" content=\"Eurolegno Srl - Panche e sgabelli per pianoforte dal 1976\" \/>\n<meta property=\"article:published_time\" content=\"2023-11-09T14:53:09+00:00\" \/>\n<meta property=\"article:modified_time\" content=\"2024-01-08T09:28:09+00:00\" \/>\n<meta property=\"og:image\" content=\"https:\/\/www.eurolegnosrl.it\/wp-content\/uploads\/2023\/11\/p10_p11.jpg\" \/>\n\t<meta property=\"og:image:width\" content=\"760\" \/>\n\t<meta property=\"og:image:height\" content=\"372\" \/>\n\t<meta property=\"og:image:type\" content=\"image\/jpeg\" \/>\n<meta name=\"author\" content=\"alessandro\" \/>\n<meta name=\"twitter:card\" content=\"summary_large_image\" \/>\n<meta name=\"twitter:label1\" content=\"Verfasst von\" \/>\n\t<meta name=\"twitter:data1\" content=\"alessandro\" \/>\n\t<meta name=\"twitter:label2\" content=\"Gesch\u00e4tzte Lesezeit\" \/>\n\t<meta name=\"twitter:data2\" content=\"1\u00a0Minute\" \/>\n<script type=\"application\/ld+json\" class=\"yoast-schema-graph\">{\"@context\":\"https:\/\/schema.org\",\"@graph\":[{\"@type\":\"Article\",\"@id\":\"https:\/\/www.eurolegnosrl.it\/de\/p10-und-p11\/#article\",\"isPartOf\":{\"@id\":\"https:\/\/www.eurolegnosrl.it\/de\/p10-und-p11\/\"},\"author\":{\"name\":\"alessandro\",\"@id\":\"https:\/\/www.eurolegnosrl.it\/en\/#\/schema\/person\/43c89fc55833fe8974b8295c3d00d9c4\"},\"headline\":\"P10 und P11\",\"datePublished\":\"2023-11-09T14:53:09+00:00\",\"dateModified\":\"2024-01-08T09:28:09+00:00\",\"mainEntityOfPage\":{\"@id\":\"https:\/\/www.eurolegnosrl.it\/de\/p10-und-p11\/\"},\"wordCount\":134,\"commentCount\":0,\"publisher\":{\"@id\":\"https:\/\/www.eurolegnosrl.it\/en\/#organization\"},\"image\":{\"@id\":\"https:\/\/www.eurolegnosrl.it\/de\/p10-und-p11\/#primaryimage\"},\"thumbnailUrl\":\"https:\/\/www.eurolegnosrl.it\/wp-content\/uploads\/2023\/11\/p10_p11.jpg\",\"articleSection\":[\"Katalog\"],\"inLanguage\":\"de\",\"potentialAction\":[{\"@type\":\"CommentAction\",\"name\":\"Comment\",\"target\":[\"https:\/\/www.eurolegnosrl.it\/de\/p10-und-p11\/#respond\"]}]},{\"@type\":\"WebPage\",\"@id\":\"https:\/\/www.eurolegnosrl.it\/de\/p10-und-p11\/\",\"url\":\"https:\/\/www.eurolegnosrl.it\/de\/p10-und-p11\/\",\"name\":\"B\u00e4nke P10 und P11 - Eurolegno srl\",\"isPartOf\":{\"@id\":\"https:\/\/www.eurolegnosrl.it\/en\/#website\"},\"primaryImageOfPage\":{\"@id\":\"https:\/\/www.eurolegnosrl.it\/de\/p10-und-p11\/#primaryimage\"},\"image\":{\"@id\":\"https:\/\/www.eurolegnosrl.it\/de\/p10-und-p11\/#primaryimage\"},\"thumbnailUrl\":\"https:\/\/www.eurolegnosrl.it\/wp-content\/uploads\/2023\/11\/p10_p11.jpg\",\"datePublished\":\"2023-11-09T14:53:09+00:00\",\"dateModified\":\"2024-01-08T09:28:09+00:00\",\"description\":\"Die B\u00e4nke P10 und P11 wurden sorgf\u00e4ltig entworfen, um den spezifischen Bed\u00fcrfnissen von Organisten gerecht zu werden.\",\"breadcrumb\":{\"@id\":\"https:\/\/www.eurolegnosrl.it\/de\/p10-und-p11\/#breadcrumb\"},\"inLanguage\":\"de\",\"potentialAction\":[{\"@type\":\"ReadAction\",\"target\":[\"https:\/\/www.eurolegnosrl.it\/de\/p10-und-p11\/\"]}]},{\"@type\":\"ImageObject\",\"inLanguage\":\"de\",\"@id\":\"https:\/\/www.eurolegnosrl.it\/de\/p10-und-p11\/#primaryimage\",\"url\":\"https:\/\/www.eurolegnosrl.it\/wp-content\/uploads\/2023\/11\/p10_p11.jpg\",\"contentUrl\":\"https:\/\/www.eurolegnosrl.it\/wp-content\/uploads\/2023\/11\/p10_p11.jpg\",\"width\":760,\"height\":372},{\"@type\":\"BreadcrumbList\",\"@id\":\"https:\/\/www.eurolegnosrl.it\/de\/p10-und-p11\/#breadcrumb\",\"itemListElement\":[{\"@type\":\"ListItem\",\"position\":1,\"name\":\"Home\",\"item\":\"https:\/\/www.eurolegnosrl.it\/de\/\"},{\"@type\":\"ListItem\",\"position\":2,\"name\":\"P10 und P11\"}]},{\"@type\":\"WebSite\",\"@id\":\"https:\/\/www.eurolegnosrl.it\/en\/#website\",\"url\":\"https:\/\/www.eurolegnosrl.it\/en\/\",\"name\":\"Eurolegno Srl - Panche e sgabelli per pianoforte dal 1976\",\"description\":\"\",\"publisher\":{\"@id\":\"https:\/\/www.eurolegnosrl.it\/en\/#organization\"},\"potentialAction\":[{\"@type\":\"SearchAction\",\"target\":{\"@type\":\"EntryPoint\",\"urlTemplate\":\"https:\/\/www.eurolegnosrl.it\/en\/?s={search_term_string}\"},\"query-input\":{\"@type\":\"PropertyValueSpecification\",\"valueRequired\":true,\"valueName\":\"search_term_string\"}}],\"inLanguage\":\"de\"},{\"@type\":\"Organization\",\"@id\":\"https:\/\/www.eurolegnosrl.it\/en\/#organization\",\"name\":\"Eurolegno Srl - Panche e sgabelli per pianoforte dal 1976\",\"url\":\"https:\/\/www.eurolegnosrl.it\/en\/\",\"logo\":{\"@type\":\"ImageObject\",\"inLanguage\":\"de\",\"@id\":\"https:\/\/www.eurolegnosrl.it\/en\/#\/schema\/logo\/image\/\",\"url\":\"https:\/\/www.eurolegnosrl.it\/wp-content\/uploads\/2023\/09\/logo.png\",\"contentUrl\":\"https:\/\/www.eurolegnosrl.it\/wp-content\/uploads\/2023\/09\/logo.png\",\"width\":266,\"height\":59,\"caption\":\"Eurolegno Srl - Panche e sgabelli per pianoforte dal 1976\"},\"image\":{\"@id\":\"https:\/\/www.eurolegnosrl.it\/en\/#\/schema\/logo\/image\/\"}},{\"@type\":\"Person\",\"@id\":\"https:\/\/www.eurolegnosrl.it\/en\/#\/schema\/person\/43c89fc55833fe8974b8295c3d00d9c4\",\"name\":\"alessandro\",\"image\":{\"@type\":\"ImageObject\",\"inLanguage\":\"de\",\"@id\":\"https:\/\/www.eurolegnosrl.it\/en\/#\/schema\/person\/image\/\",\"url\":\"https:\/\/secure.gravatar.com\/avatar\/5a72ad19b0c339f307c13ce8755cefb00484bad6b7f58b2669dfe80c22643fb9?s=96&d=mm&r=g\",\"contentUrl\":\"https:\/\/secure.gravatar.com\/avatar\/5a72ad19b0c339f307c13ce8755cefb00484bad6b7f58b2669dfe80c22643fb9?s=96&d=mm&r=g\",\"caption\":\"alessandro\"}}]}<\/script>\n<!-- \/ Yoast SEO plugin. -->","yoast_head_json":{"title":"B\u00e4nke P10 und P11 - Eurolegno srl","description":"Die B\u00e4nke P10 und P11 wurden sorgf\u00e4ltig entworfen, um den spezifischen Bed\u00fcrfnissen von Organisten gerecht zu werden.","robots":{"index":"index","follow":"follow","max-snippet":"max-snippet:-1","max-image-preview":"max-image-preview:large","max-video-preview":"max-video-preview:-1"},"canonical":"https:\/\/www.eurolegnosrl.it\/de\/p10-und-p11\/","og_locale":"de_DE","og_type":"article","og_title":"B\u00e4nke P10 und P11 - Eurolegno srl","og_description":"Die B\u00e4nke P10 und P11 wurden sorgf\u00e4ltig entworfen, um den spezifischen Bed\u00fcrfnissen von Organisten gerecht zu werden.","og_url":"https:\/\/www.eurolegnosrl.it\/de\/p10-und-p11\/","og_site_name":"Eurolegno Srl - Panche e sgabelli per pianoforte dal 1976","article_published_time":"2023-11-09T14:53:09+00:00","article_modified_time":"2024-01-08T09:28:09+00:00","og_image":[{"width":760,"height":372,"url":"https:\/\/www.eurolegnosrl.it\/wp-content\/uploads\/2023\/11\/p10_p11.jpg","type":"image\/jpeg"}],"author":"alessandro","twitter_card":"summary_large_image","twitter_misc":{"Verfasst von":"alessandro","Gesch\u00e4tzte Lesezeit":"1\u00a0Minute"},"schema":{"@context":"https:\/\/schema.org","@graph":[{"@type":"Article","@id":"https:\/\/www.eurolegnosrl.it\/de\/p10-und-p11\/#article","isPartOf":{"@id":"https:\/\/www.eurolegnosrl.it\/de\/p10-und-p11\/"},"author":{"name":"alessandro","@id":"https:\/\/www.eurolegnosrl.it\/en\/#\/schema\/person\/43c89fc55833fe8974b8295c3d00d9c4"},"headline":"P10 und P11","datePublished":"2023-11-09T14:53:09+00:00","dateModified":"2024-01-08T09:28:09+00:00","mainEntityOfPage":{"@id":"https:\/\/www.eurolegnosrl.it\/de\/p10-und-p11\/"},"wordCount":134,"commentCount":0,"publisher":{"@id":"https:\/\/www.eurolegnosrl.it\/en\/#organization"},"image":{"@id":"https:\/\/www.eurolegnosrl.it\/de\/p10-und-p11\/#primaryimage"},"thumbnailUrl":"https:\/\/www.eurolegnosrl.it\/wp-content\/uploads\/2023\/11\/p10_p11.jpg","articleSection":["Katalog"],"inLanguage":"de","potentialAction":[{"@type":"CommentAction","name":"Comment","target":["https:\/\/www.eurolegnosrl.it\/de\/p10-und-p11\/#respond"]}]},{"@type":"WebPage","@id":"https:\/\/www.eurolegnosrl.it\/de\/p10-und-p11\/","url":"https:\/\/www.eurolegnosrl.it\/de\/p10-und-p11\/","name":"B\u00e4nke P10 und P11 - Eurolegno srl","isPartOf":{"@id":"https:\/\/www.eurolegnosrl.it\/en\/#website"},"primaryImageOfPage":{"@id":"https:\/\/www.eurolegnosrl.it\/de\/p10-und-p11\/#primaryimage"},"image":{"@id":"https:\/\/www.eurolegnosrl.it\/de\/p10-und-p11\/#primaryimage"},"thumbnailUrl":"https:\/\/www.eurolegnosrl.it\/wp-content\/uploads\/2023\/11\/p10_p11.jpg","datePublished":"2023-11-09T14:53:09+00:00","dateModified":"2024-01-08T09:28:09+00:00","description":"Die B\u00e4nke P10 und P11 wurden sorgf\u00e4ltig entworfen, um den spezifischen Bed\u00fcrfnissen von Organisten gerecht zu werden.","breadcrumb":{"@id":"https:\/\/www.eurolegnosrl.it\/de\/p10-und-p11\/#breadcrumb"},"inLanguage":"de","potentialAction":[{"@type":"ReadAction","target":["https:\/\/www.eurolegnosrl.it\/de\/p10-und-p11\/"]}]},{"@type":"ImageObject","inLanguage":"de","@id":"https:\/\/www.eurolegnosrl.it\/de\/p10-und-p11\/#primaryimage","url":"https:\/\/www.eurolegnosrl.it\/wp-content\/uploads\/2023\/11\/p10_p11.jpg","contentUrl":"https:\/\/www.eurolegnosrl.it\/wp-content\/uploads\/2023\/11\/p10_p11.jpg","width":760,"height":372},{"@type":"BreadcrumbList","@id":"https:\/\/www.eurolegnosrl.it\/de\/p10-und-p11\/#breadcrumb","itemListElement":[{"@type":"ListItem","position":1,"name":"Home","item":"https:\/\/www.eurolegnosrl.it\/de\/"},{"@type":"ListItem","position":2,"name":"P10 und P11"}]},{"@type":"WebSite","@id":"https:\/\/www.eurolegnosrl.it\/en\/#website","url":"https:\/\/www.eurolegnosrl.it\/en\/","name":"Eurolegno Srl - Panche e sgabelli per pianoforte dal 1976","description":"","publisher":{"@id":"https:\/\/www.eurolegnosrl.it\/en\/#organization"},"potentialAction":[{"@type":"SearchAction","target":{"@type":"EntryPoint","urlTemplate":"https:\/\/www.eurolegnosrl.it\/en\/?s={search_term_string}"},"query-input":{"@type":"PropertyValueSpecification","valueRequired":true,"valueName":"search_term_string"}}],"inLanguage":"de"},{"@type":"Organization","@id":"https:\/\/www.eurolegnosrl.it\/en\/#organization","name":"Eurolegno Srl - Panche e sgabelli per pianoforte dal 1976","url":"https:\/\/www.eurolegnosrl.it\/en\/","logo":{"@type":"ImageObject","inLanguage":"de","@id":"https:\/\/www.eurolegnosrl.it\/en\/#\/schema\/logo\/image\/","url":"https:\/\/www.eurolegnosrl.it\/wp-content\/uploads\/2023\/09\/logo.png","contentUrl":"https:\/\/www.eurolegnosrl.it\/wp-content\/uploads\/2023\/09\/logo.png","width":266,"height":59,"caption":"Eurolegno Srl - Panche e sgabelli per pianoforte dal 1976"},"image":{"@id":"https:\/\/www.eurolegnosrl.it\/en\/#\/schema\/logo\/image\/"}},{"@type":"Person","@id":"https:\/\/www.eurolegnosrl.it\/en\/#\/schema\/person\/43c89fc55833fe8974b8295c3d00d9c4","name":"alessandro","image":{"@type":"ImageObject","inLanguage":"de","@id":"https:\/\/www.eurolegnosrl.it\/en\/#\/schema\/person\/image\/","url":"https:\/\/secure.gravatar.com\/avatar\/5a72ad19b0c339f307c13ce8755cefb00484bad6b7f58b2669dfe80c22643fb9?s=96&d=mm&r=g","contentUrl":"https:\/\/secure.gravatar.com\/avatar\/5a72ad19b0c339f307c13ce8755cefb00484bad6b7f58b2669dfe80c22643fb9?s=96&d=mm&r=g","caption":"alessandro"}}]}},"_links":{"self":[{"href":"https:\/\/www.eurolegnosrl.it\/de\/wp-json\/wp\/v2\/posts\/1990","targetHints":{"allow":["GET"]}}],"collection":[{"href":"https:\/\/www.eurolegnosrl.it\/de\/wp-json\/wp\/v2\/posts"}],"about":[{"href":"https:\/\/www.eurolegnosrl.it\/de\/wp-json\/wp\/v2\/types\/post"}],"author":[{"embeddable":true,"href":"https:\/\/www.eurolegnosrl.it\/de\/wp-json\/wp\/v2\/users\/1"}],"replies":[{"embeddable":true,"href":"https:\/\/www.eurolegnosrl.it\/de\/wp-json\/wp\/v2\/comments?post=1990"}],"version-history":[{"count":1,"href":"https:\/\/www.eurolegnosrl.it\/de\/wp-json\/wp\/v2\/posts\/1990\/revisions"}],"predecessor-version":[{"id":2076,"href":"https:\/\/www.eurolegnosrl.it\/de\/wp-json\/wp\/v2\/posts\/1990\/revisions\/2076"}],"wp:featuredmedia":[{"embeddable":true,"href":"https:\/\/www.eurolegnosrl.it\/de\/wp-json\/wp\/v2\/media\/1765"}],"wp:attachment":[{"href":"https:\/\/www.eurolegnosrl.it\/de\/wp-json\/wp\/v2\/media?parent=1990"}],"wp:term":[{"taxonomy":"category","embeddable":true,"href":"https:\/\/www.eurolegnosrl.it\/de\/wp-json\/wp\/v2\/categories?post=1990"},{"taxonomy":"post_tag","embeddable":true,"href":"https:\/\/www.eurolegnosrl.it\/de\/wp-json\/wp\/v2\/tags?post=1990"}],"curies":[{"name":"wp","href":"https:\/\/api.w.org\/{rel}","templated":true}]}}