{"id":1993,"date":"2023-11-09T15:39:02","date_gmt":"2023-11-09T14:39:02","guid":{"rendered":"https:\/\/www.eurolegnosrl.it\/p06-e-p07\/"},"modified":"2024-01-08T10:31:31","modified_gmt":"2024-01-08T09:31:31","slug":"p06-e-p07","status":"publish","type":"post","link":"https:\/\/www.eurolegnosrl.it\/de\/p06-e-p07\/","title":{"rendered":"P06 e p07"},"content":{"rendered":"<p>Die <strong>Klavierb\u00e4nke P06 und P07<\/strong> sind ideal f\u00fcr Musiker, die eine <strong>elegante und funktionale<\/strong> L\u00f6sung f\u00fcr ihren Musikraum suchen. Diese B\u00e4nke sind zwar nicht in der H\u00f6he verstellbar, bieten jedoch ein <strong>integriertes Notenfach,<\/strong> das perfekt ist, um die Noten ordentlich zu halten und das ben\u00f6tigte Material f\u00fcr das \u00dcben oder die Auff\u00fchrung immer griffbereit zu haben.<\/p>\n<p><strong>Das bewegliche Kissen<\/strong>, das f\u00fcr anhaltenden Komfort entwickelt wurde, kann leicht an individuelle Vorlieben angepasst werden und bietet eine bequeme Sitzfl\u00e4che w\u00e4hrend der Studien- oder Auff\u00fchrungssitzungen. Die Bank <strong>P06<\/strong>, mit einer L\u00e4nge von 55 cm, ist ideal f\u00fcr intimere R\u00e4ume, w\u00e4hrend die <strong>P07<\/strong>, die sich auf 70 cm erstreckt, ideal f\u00fcr diejenigen ist, die mehr Platz w\u00fcnschen oder f\u00fcr den gemeinsamen Gebrauch zwischen zwei Musikern.<\/p>\n<p>Wenn Sie sich f\u00fcr die B\u00e4nke <strong>P06 und P07<\/strong> entscheiden, w\u00e4hlen Sie eine Kombination aus <strong>praktischem Design und zuverl\u00e4ssigem Komfort<\/strong>, die sich f\u00fcr jede Musikerumgebung eignet.<\/p>\n","protected":false},"excerpt":{"rendered":"<p>Die Klavierb\u00e4nke P06 und P07 sind ideal f\u00fcr Musiker, die eine elegante und funktionale L\u00f6sung f\u00fcr ihren Musikraum suchen. Diese B\u00e4nke sind zwar nicht in der H\u00f6he verstellbar, bieten jedoch ein integriertes Notenfach, das perfekt ist, um die Noten ordentlich zu halten und das ben\u00f6tigte Material f\u00fcr das \u00dcben oder die Auff\u00fchrung immer griffbereit zu [&hellip;]<\/p>\n","protected":false},"author":1,"featured_media":1751,"comment_status":"open","ping_status":"open","sticky":false,"template":"","format":"standard","meta":{"_acf_changed":false,"footnotes":""},"categories":[22],"tags":[],"class_list":["post-1993","post","type-post","status-publish","format-standard","has-post-thumbnail","hentry","category-katalog"],"acf":[],"yoast_head":"<!-- This site is optimized with the Yoast SEO plugin v27.1.1 - https:\/\/yoast.com\/product\/yoast-seo-wordpress\/ -->\n<title>Klavierb\u00e4nke P06 und P07 - Eurolegno srl<\/title>\n<meta name=\"description\" content=\"Die Klavierb\u00e4nke P06 und P07 sind ideal f\u00fcr Musiker, die...\" \/>\n<meta name=\"robots\" content=\"index, follow, max-snippet:-1, max-image-preview:large, max-video-preview:-1\" \/>\n<link rel=\"canonical\" href=\"https:\/\/www.eurolegnosrl.it\/de\/p06-e-p07\/\" \/>\n<meta property=\"og:locale\" content=\"de_DE\" \/>\n<meta property=\"og:type\" content=\"article\" \/>\n<meta property=\"og:title\" content=\"Klavierb\u00e4nke P06 und P07 - Eurolegno srl\" \/>\n<meta property=\"og:description\" content=\"Die Klavierb\u00e4nke P06 und P07 sind ideal f\u00fcr Musiker, die...\" \/>\n<meta property=\"og:url\" content=\"https:\/\/www.eurolegnosrl.it\/de\/p06-e-p07\/\" \/>\n<meta property=\"og:site_name\" content=\"Eurolegno Srl - Panche e sgabelli per pianoforte dal 1976\" \/>\n<meta property=\"article:published_time\" content=\"2023-11-09T14:39:02+00:00\" \/>\n<meta property=\"article:modified_time\" content=\"2024-01-08T09:31:31+00:00\" \/>\n<meta property=\"og:image\" content=\"https:\/\/www.eurolegnosrl.it\/wp-content\/uploads\/2023\/10\/p06-p07.jpg\" \/>\n\t<meta property=\"og:image:width\" content=\"651\" \/>\n\t<meta property=\"og:image:height\" content=\"324\" \/>\n\t<meta property=\"og:image:type\" content=\"image\/jpeg\" \/>\n<meta name=\"author\" content=\"alessandro\" \/>\n<meta name=\"twitter:card\" content=\"summary_large_image\" \/>\n<meta name=\"twitter:label1\" content=\"Verfasst von\" \/>\n\t<meta name=\"twitter:data1\" content=\"alessandro\" \/>\n\t<meta name=\"twitter:label2\" content=\"Gesch\u00e4tzte Lesezeit\" \/>\n\t<meta name=\"twitter:data2\" content=\"1\u00a0Minute\" \/>\n<script type=\"application\/ld+json\" class=\"yoast-schema-graph\">{\"@context\":\"https:\/\/schema.org\",\"@graph\":[{\"@type\":\"Article\",\"@id\":\"https:\/\/www.eurolegnosrl.it\/de\/p06-e-p07\/#article\",\"isPartOf\":{\"@id\":\"https:\/\/www.eurolegnosrl.it\/de\/p06-e-p07\/\"},\"author\":{\"name\":\"alessandro\",\"@id\":\"https:\/\/www.eurolegnosrl.it\/en\/#\/schema\/person\/43c89fc55833fe8974b8295c3d00d9c4\"},\"headline\":\"P06 e p07\",\"datePublished\":\"2023-11-09T14:39:02+00:00\",\"dateModified\":\"2024-01-08T09:31:31+00:00\",\"mainEntityOfPage\":{\"@id\":\"https:\/\/www.eurolegnosrl.it\/de\/p06-e-p07\/\"},\"wordCount\":173,\"commentCount\":0,\"publisher\":{\"@id\":\"https:\/\/www.eurolegnosrl.it\/en\/#organization\"},\"image\":{\"@id\":\"https:\/\/www.eurolegnosrl.it\/de\/p06-e-p07\/#primaryimage\"},\"thumbnailUrl\":\"https:\/\/www.eurolegnosrl.it\/wp-content\/uploads\/2023\/10\/p06-p07.jpg\",\"articleSection\":[\"Katalog\"],\"inLanguage\":\"de\",\"potentialAction\":[{\"@type\":\"CommentAction\",\"name\":\"Comment\",\"target\":[\"https:\/\/www.eurolegnosrl.it\/de\/p06-e-p07\/#respond\"]}]},{\"@type\":\"WebPage\",\"@id\":\"https:\/\/www.eurolegnosrl.it\/de\/p06-e-p07\/\",\"url\":\"https:\/\/www.eurolegnosrl.it\/de\/p06-e-p07\/\",\"name\":\"Klavierb\u00e4nke P06 und P07 - Eurolegno srl\",\"isPartOf\":{\"@id\":\"https:\/\/www.eurolegnosrl.it\/en\/#website\"},\"primaryImageOfPage\":{\"@id\":\"https:\/\/www.eurolegnosrl.it\/de\/p06-e-p07\/#primaryimage\"},\"image\":{\"@id\":\"https:\/\/www.eurolegnosrl.it\/de\/p06-e-p07\/#primaryimage\"},\"thumbnailUrl\":\"https:\/\/www.eurolegnosrl.it\/wp-content\/uploads\/2023\/10\/p06-p07.jpg\",\"datePublished\":\"2023-11-09T14:39:02+00:00\",\"dateModified\":\"2024-01-08T09:31:31+00:00\",\"description\":\"Die Klavierb\u00e4nke P06 und P07 sind ideal f\u00fcr Musiker, die...\",\"breadcrumb\":{\"@id\":\"https:\/\/www.eurolegnosrl.it\/de\/p06-e-p07\/#breadcrumb\"},\"inLanguage\":\"de\",\"potentialAction\":[{\"@type\":\"ReadAction\",\"target\":[\"https:\/\/www.eurolegnosrl.it\/de\/p06-e-p07\/\"]}]},{\"@type\":\"ImageObject\",\"inLanguage\":\"de\",\"@id\":\"https:\/\/www.eurolegnosrl.it\/de\/p06-e-p07\/#primaryimage\",\"url\":\"https:\/\/www.eurolegnosrl.it\/wp-content\/uploads\/2023\/10\/p06-p07.jpg\",\"contentUrl\":\"https:\/\/www.eurolegnosrl.it\/wp-content\/uploads\/2023\/10\/p06-p07.jpg\",\"width\":651,\"height\":324},{\"@type\":\"BreadcrumbList\",\"@id\":\"https:\/\/www.eurolegnosrl.it\/de\/p06-e-p07\/#breadcrumb\",\"itemListElement\":[{\"@type\":\"ListItem\",\"position\":1,\"name\":\"Home\",\"item\":\"https:\/\/www.eurolegnosrl.it\/de\/\"},{\"@type\":\"ListItem\",\"position\":2,\"name\":\"P06 e p07\"}]},{\"@type\":\"WebSite\",\"@id\":\"https:\/\/www.eurolegnosrl.it\/en\/#website\",\"url\":\"https:\/\/www.eurolegnosrl.it\/en\/\",\"name\":\"Eurolegno Srl - Panche e sgabelli per pianoforte dal 1976\",\"description\":\"\",\"publisher\":{\"@id\":\"https:\/\/www.eurolegnosrl.it\/en\/#organization\"},\"potentialAction\":[{\"@type\":\"SearchAction\",\"target\":{\"@type\":\"EntryPoint\",\"urlTemplate\":\"https:\/\/www.eurolegnosrl.it\/en\/?s={search_term_string}\"},\"query-input\":{\"@type\":\"PropertyValueSpecification\",\"valueRequired\":true,\"valueName\":\"search_term_string\"}}],\"inLanguage\":\"de\"},{\"@type\":\"Organization\",\"@id\":\"https:\/\/www.eurolegnosrl.it\/en\/#organization\",\"name\":\"Eurolegno Srl - Panche e sgabelli per pianoforte dal 1976\",\"url\":\"https:\/\/www.eurolegnosrl.it\/en\/\",\"logo\":{\"@type\":\"ImageObject\",\"inLanguage\":\"de\",\"@id\":\"https:\/\/www.eurolegnosrl.it\/en\/#\/schema\/logo\/image\/\",\"url\":\"https:\/\/www.eurolegnosrl.it\/wp-content\/uploads\/2023\/09\/logo.png\",\"contentUrl\":\"https:\/\/www.eurolegnosrl.it\/wp-content\/uploads\/2023\/09\/logo.png\",\"width\":266,\"height\":59,\"caption\":\"Eurolegno Srl - Panche e sgabelli per pianoforte dal 1976\"},\"image\":{\"@id\":\"https:\/\/www.eurolegnosrl.it\/en\/#\/schema\/logo\/image\/\"}},{\"@type\":\"Person\",\"@id\":\"https:\/\/www.eurolegnosrl.it\/en\/#\/schema\/person\/43c89fc55833fe8974b8295c3d00d9c4\",\"name\":\"alessandro\",\"image\":{\"@type\":\"ImageObject\",\"inLanguage\":\"de\",\"@id\":\"https:\/\/www.eurolegnosrl.it\/en\/#\/schema\/person\/image\/\",\"url\":\"https:\/\/secure.gravatar.com\/avatar\/5a72ad19b0c339f307c13ce8755cefb00484bad6b7f58b2669dfe80c22643fb9?s=96&d=mm&r=g\",\"contentUrl\":\"https:\/\/secure.gravatar.com\/avatar\/5a72ad19b0c339f307c13ce8755cefb00484bad6b7f58b2669dfe80c22643fb9?s=96&d=mm&r=g\",\"caption\":\"alessandro\"}}]}<\/script>\n<!-- \/ Yoast SEO plugin. -->","yoast_head_json":{"title":"Klavierb\u00e4nke P06 und P07 - Eurolegno srl","description":"Die Klavierb\u00e4nke P06 und P07 sind ideal f\u00fcr Musiker, die...","robots":{"index":"index","follow":"follow","max-snippet":"max-snippet:-1","max-image-preview":"max-image-preview:large","max-video-preview":"max-video-preview:-1"},"canonical":"https:\/\/www.eurolegnosrl.it\/de\/p06-e-p07\/","og_locale":"de_DE","og_type":"article","og_title":"Klavierb\u00e4nke P06 und P07 - Eurolegno srl","og_description":"Die Klavierb\u00e4nke P06 und P07 sind ideal f\u00fcr Musiker, die...","og_url":"https:\/\/www.eurolegnosrl.it\/de\/p06-e-p07\/","og_site_name":"Eurolegno Srl - Panche e sgabelli per pianoforte dal 1976","article_published_time":"2023-11-09T14:39:02+00:00","article_modified_time":"2024-01-08T09:31:31+00:00","og_image":[{"width":651,"height":324,"url":"https:\/\/www.eurolegnosrl.it\/wp-content\/uploads\/2023\/10\/p06-p07.jpg","type":"image\/jpeg"}],"author":"alessandro","twitter_card":"summary_large_image","twitter_misc":{"Verfasst von":"alessandro","Gesch\u00e4tzte Lesezeit":"1\u00a0Minute"},"schema":{"@context":"https:\/\/schema.org","@graph":[{"@type":"Article","@id":"https:\/\/www.eurolegnosrl.it\/de\/p06-e-p07\/#article","isPartOf":{"@id":"https:\/\/www.eurolegnosrl.it\/de\/p06-e-p07\/"},"author":{"name":"alessandro","@id":"https:\/\/www.eurolegnosrl.it\/en\/#\/schema\/person\/43c89fc55833fe8974b8295c3d00d9c4"},"headline":"P06 e p07","datePublished":"2023-11-09T14:39:02+00:00","dateModified":"2024-01-08T09:31:31+00:00","mainEntityOfPage":{"@id":"https:\/\/www.eurolegnosrl.it\/de\/p06-e-p07\/"},"wordCount":173,"commentCount":0,"publisher":{"@id":"https:\/\/www.eurolegnosrl.it\/en\/#organization"},"image":{"@id":"https:\/\/www.eurolegnosrl.it\/de\/p06-e-p07\/#primaryimage"},"thumbnailUrl":"https:\/\/www.eurolegnosrl.it\/wp-content\/uploads\/2023\/10\/p06-p07.jpg","articleSection":["Katalog"],"inLanguage":"de","potentialAction":[{"@type":"CommentAction","name":"Comment","target":["https:\/\/www.eurolegnosrl.it\/de\/p06-e-p07\/#respond"]}]},{"@type":"WebPage","@id":"https:\/\/www.eurolegnosrl.it\/de\/p06-e-p07\/","url":"https:\/\/www.eurolegnosrl.it\/de\/p06-e-p07\/","name":"Klavierb\u00e4nke P06 und P07 - Eurolegno srl","isPartOf":{"@id":"https:\/\/www.eurolegnosrl.it\/en\/#website"},"primaryImageOfPage":{"@id":"https:\/\/www.eurolegnosrl.it\/de\/p06-e-p07\/#primaryimage"},"image":{"@id":"https:\/\/www.eurolegnosrl.it\/de\/p06-e-p07\/#primaryimage"},"thumbnailUrl":"https:\/\/www.eurolegnosrl.it\/wp-content\/uploads\/2023\/10\/p06-p07.jpg","datePublished":"2023-11-09T14:39:02+00:00","dateModified":"2024-01-08T09:31:31+00:00","description":"Die Klavierb\u00e4nke P06 und P07 sind ideal f\u00fcr Musiker, die...","breadcrumb":{"@id":"https:\/\/www.eurolegnosrl.it\/de\/p06-e-p07\/#breadcrumb"},"inLanguage":"de","potentialAction":[{"@type":"ReadAction","target":["https:\/\/www.eurolegnosrl.it\/de\/p06-e-p07\/"]}]},{"@type":"ImageObject","inLanguage":"de","@id":"https:\/\/www.eurolegnosrl.it\/de\/p06-e-p07\/#primaryimage","url":"https:\/\/www.eurolegnosrl.it\/wp-content\/uploads\/2023\/10\/p06-p07.jpg","contentUrl":"https:\/\/www.eurolegnosrl.it\/wp-content\/uploads\/2023\/10\/p06-p07.jpg","width":651,"height":324},{"@type":"BreadcrumbList","@id":"https:\/\/www.eurolegnosrl.it\/de\/p06-e-p07\/#breadcrumb","itemListElement":[{"@type":"ListItem","position":1,"name":"Home","item":"https:\/\/www.eurolegnosrl.it\/de\/"},{"@type":"ListItem","position":2,"name":"P06 e p07"}]},{"@type":"WebSite","@id":"https:\/\/www.eurolegnosrl.it\/en\/#website","url":"https:\/\/www.eurolegnosrl.it\/en\/","name":"Eurolegno Srl - Panche e sgabelli per pianoforte dal 1976","description":"","publisher":{"@id":"https:\/\/www.eurolegnosrl.it\/en\/#organization"},"potentialAction":[{"@type":"SearchAction","target":{"@type":"EntryPoint","urlTemplate":"https:\/\/www.eurolegnosrl.it\/en\/?s={search_term_string}"},"query-input":{"@type":"PropertyValueSpecification","valueRequired":true,"valueName":"search_term_string"}}],"inLanguage":"de"},{"@type":"Organization","@id":"https:\/\/www.eurolegnosrl.it\/en\/#organization","name":"Eurolegno Srl - Panche e sgabelli per pianoforte dal 1976","url":"https:\/\/www.eurolegnosrl.it\/en\/","logo":{"@type":"ImageObject","inLanguage":"de","@id":"https:\/\/www.eurolegnosrl.it\/en\/#\/schema\/logo\/image\/","url":"https:\/\/www.eurolegnosrl.it\/wp-content\/uploads\/2023\/09\/logo.png","contentUrl":"https:\/\/www.eurolegnosrl.it\/wp-content\/uploads\/2023\/09\/logo.png","width":266,"height":59,"caption":"Eurolegno Srl - Panche e sgabelli per pianoforte dal 1976"},"image":{"@id":"https:\/\/www.eurolegnosrl.it\/en\/#\/schema\/logo\/image\/"}},{"@type":"Person","@id":"https:\/\/www.eurolegnosrl.it\/en\/#\/schema\/person\/43c89fc55833fe8974b8295c3d00d9c4","name":"alessandro","image":{"@type":"ImageObject","inLanguage":"de","@id":"https:\/\/www.eurolegnosrl.it\/en\/#\/schema\/person\/image\/","url":"https:\/\/secure.gravatar.com\/avatar\/5a72ad19b0c339f307c13ce8755cefb00484bad6b7f58b2669dfe80c22643fb9?s=96&d=mm&r=g","contentUrl":"https:\/\/secure.gravatar.com\/avatar\/5a72ad19b0c339f307c13ce8755cefb00484bad6b7f58b2669dfe80c22643fb9?s=96&d=mm&r=g","caption":"alessandro"}}]}},"_links":{"self":[{"href":"https:\/\/www.eurolegnosrl.it\/de\/wp-json\/wp\/v2\/posts\/1993","targetHints":{"allow":["GET"]}}],"collection":[{"href":"https:\/\/www.eurolegnosrl.it\/de\/wp-json\/wp\/v2\/posts"}],"about":[{"href":"https:\/\/www.eurolegnosrl.it\/de\/wp-json\/wp\/v2\/types\/post"}],"author":[{"embeddable":true,"href":"https:\/\/www.eurolegnosrl.it\/de\/wp-json\/wp\/v2\/users\/1"}],"replies":[{"embeddable":true,"href":"https:\/\/www.eurolegnosrl.it\/de\/wp-json\/wp\/v2\/comments?post=1993"}],"version-history":[{"count":1,"href":"https:\/\/www.eurolegnosrl.it\/de\/wp-json\/wp\/v2\/posts\/1993\/revisions"}],"predecessor-version":[{"id":2079,"href":"https:\/\/www.eurolegnosrl.it\/de\/wp-json\/wp\/v2\/posts\/1993\/revisions\/2079"}],"wp:featuredmedia":[{"embeddable":true,"href":"https:\/\/www.eurolegnosrl.it\/de\/wp-json\/wp\/v2\/media\/1751"}],"wp:attachment":[{"href":"https:\/\/www.eurolegnosrl.it\/de\/wp-json\/wp\/v2\/media?parent=1993"}],"wp:term":[{"taxonomy":"category","embeddable":true,"href":"https:\/\/www.eurolegnosrl.it\/de\/wp-json\/wp\/v2\/categories?post=1993"},{"taxonomy":"post_tag","embeddable":true,"href":"https:\/\/www.eurolegnosrl.it\/de\/wp-json\/wp\/v2\/tags?post=1993"}],"curies":[{"name":"wp","href":"https:\/\/api.w.org\/{rel}","templated":true}]}}